{"id":11367,"date":"2024-09-02T19:00:00","date_gmt":"2024-09-02T22:00:00","guid":{"rendered":"https:\/\/sgvaimudar.com.br\/?p=11367"},"modified":"2024-09-02T09:38:20","modified_gmt":"2024-09-02T12:38:20","slug":"vasco-assina-contrato-com-o-meia-suico-maxime-dominguez-que-e-aguardado-no-rio-nesta-4a-feira","status":"publish","type":"post","link":"https:\/\/sgvaimudar.com.br\/index.php\/2024\/09\/02\/vasco-assina-contrato-com-o-meia-suico-maxime-dominguez-que-e-aguardado-no-rio-nesta-4a-feira\/","title":{"rendered":"Vasco assina contrato com o meia su\u00ed\u00e7o Maxime Dominguez, que \u00e9 aguardado no Rio nesta 4\u00aa-feira"},"content":{"rendered":"\n<p><em>Maxime assinou o acordo ainda em Portugal<\/em><\/p>\n\n\n\n<p>O Vasco fechou, na noite deste domingo, v\u00e9spera de encerramento da janela de transfer\u00eancias, sua sexta contrata\u00e7\u00e3o: o meia Maxime Dominguez, do Gil Vicente, assinou com o clube e \u00e9 aguardado no Rio de Janeiro na pr\u00f3xima quarta-feira.<\/p>\n\n\n\n<p>Com a proximidade do fim da janela, o Vasco precisou acelerar as tratativas. Dessa forma, Maxime assinou o acordo ainda em Portugal, e o documento foi enviado digitalmente para que o clube possa resolver o restante das burocracias a tempo. A janela fecha nesta segunda-feira.<\/p>\n\n\n\n<p>Uma vez no Rio de Janeiro, o meia su\u00ed\u00e7o de 28 anos vai realizar exames m\u00e9dicos antes de poder ser anunciado oficialmente como novo refor\u00e7o. O acordo \u00e9 pela compra de 100% dos direitos de Maxime por 2 milh\u00f5es de euros (R$ 12,4 milh\u00f5es). O contrato ser\u00e1 v\u00e1lido por quatro anos.<\/p>\n\n\n\n<p>Maxime Dominguez fez neste domingo sua \u00faltima partida com a camisa do Gil Vicente: ele entrou no segundo tempo do empate sem gols com o Braga, em jogo v\u00e1lido pela quarta rodada do Campeonato Portugu\u00eas. O acordo foi costurado pelo empres\u00e1rio Paulo Pitombeira, que no Vasco tamb\u00e9m cuida das carreiras do goleiro L\u00e9o Jardim e do zagueiro Jo\u00e3o Victor.<\/p>\n\n\n\n<p>Com passagens por clubes da Su\u00ed\u00e7a e da Pol\u00f4nia, Maxime defende o Gil Vicente h\u00e1 duas temporadas e tinha mais dois anos de contrato com o clube. Ele \u00e9 um meia que atua pela direita, faixa do campo para qual uma contrata\u00e7\u00e3o virou prioridade do Vasco depois da les\u00e3o de Adson, que dificilmente volta a atuar em 2024.<\/p>\n\n\n\n<p>O Vasco anteriormente contratou os atacantes Emerson Rodr\u00edguez e Jean David, o volante Souza e os meias Phlippe Coutinho e Alex Teixeira. O clube ainda tenta fechar a contrata\u00e7\u00e3o de um zagueiro antes do encerramento da janela. O clube tem negocia\u00e7\u00f5es encaminhadas com Ian Glavinovich, do Newell&#8217;s Old Boys.<\/p>\n\n\n\n<p><em>Fonte: GE<\/em><\/p>\n\n\n\n<figure class=\"wp-block-image size-full\"><img decoding=\"async\" width=\"251\" height=\"88\" src=\"https:\/\/sgvaimudar.com.br\/wp-content\/uploads\/2023\/08\/Logo.png\" alt=\"\" class=\"wp-image-2738\" \/><\/figure>\n","protected":false},"excerpt":{"rendered":"<p>Maxime assinou o acordo ainda em Portugal O Vasco fechou, na noite deste domingo, v\u00e9spera de encerramento da janela de&hellip;<\/p>\n","protected":false},"author":5,"featured_media":11368,"comment_status":"open","ping_status":"open","sticky":false,"template":"","format":"standard","meta":{"fifu_image_url":"","fifu_image_alt":"","footnotes":""},"categories":[5],"tags":[],"class_list":["post-11367","post","type-post","status-publish","format-standard","has-post-thumbnail","hentry","category-esportes"],"_links":{"self":[{"href":"https:\/\/sgvaimudar.com.br\/index.php\/wp-json\/wp\/v2\/posts\/11367","targetHints":{"allow":["GET"]}}],"collection":[{"href":"https:\/\/sgvaimudar.com.br\/index.php\/wp-json\/wp\/v2\/posts"}],"about":[{"href":"https:\/\/sgvaimudar.com.br\/index.php\/wp-json\/wp\/v2\/types\/post"}],"author":[{"embeddable":true,"href":"https:\/\/sgvaimudar.com.br\/index.php\/wp-json\/wp\/v2\/users\/5"}],"replies":[{"embeddable":true,"href":"https:\/\/sgvaimudar.com.br\/index.php\/wp-json\/wp\/v2\/comments?post=11367"}],"version-history":[{"count":1,"href":"https:\/\/sgvaimudar.com.br\/index.php\/wp-json\/wp\/v2\/posts\/11367\/revisions"}],"predecessor-version":[{"id":11369,"href":"https:\/\/sgvaimudar.com.br\/index.php\/wp-json\/wp\/v2\/posts\/11367\/revisions\/11369"}],"wp:featuredmedia":[{"embeddable":true,"href":"https:\/\/sgvaimudar.com.br\/index.php\/wp-json\/wp\/v2\/media\/11368"}],"wp:attachment":[{"href":"https:\/\/sgvaimudar.com.br\/index.php\/wp-json\/wp\/v2\/media?parent=11367"}],"wp:term":[{"taxonomy":"category","embeddable":true,"href":"https:\/\/sgvaimudar.com.br\/index.php\/wp-json\/wp\/v2\/categories?post=11367"},{"taxonomy":"post_tag","embeddable":true,"href":"https:\/\/sgvaimudar.com.br\/index.php\/wp-json\/wp\/v2\/tags?post=11367"}],"curies":[{"name":"wp","href":"https:\/\/api.w.org\/{rel}","templated":true}]}}