{"id":11358,"date":"2024-09-02T13:00:00","date_gmt":"2024-09-02T16:00:00","guid":{"rendered":"https:\/\/sgvaimudar.com.br\/?p=11358"},"modified":"2024-09-02T09:22:03","modified_gmt":"2024-09-02T12:22:03","slug":"andrea-de-andrade-musa-das-supercoxas-e-a-nova-rainha-de-bateria-da-porto-da-pedra","status":"publish","type":"post","link":"https:\/\/sgvaimudar.com.br\/index.php\/2024\/09\/02\/andrea-de-andrade-musa-das-supercoxas-e-a-nova-rainha-de-bateria-da-porto-da-pedra\/","title":{"rendered":"Andrea de Andrade, musa das supercoxas, \u00e9 a nova rainha de bateria da Porto da Pedra"},"content":{"rendered":"\n<p><em>Empres\u00e1ria far\u00e1 jornada dupla no carnaval carioca, em que \u00e9 musa da Vila Isabel h\u00e1 12 anos: &#8216;Um dos maiores desafios da minha vida<\/em>&#8216;<\/p>\n\n\n\n<p>Andrea de Andrade, a musa das supercoxas, \u00e9 a nova rainha de bateria da Unidos da Porto da Pedra, tradicional escola de samba do Carnaval carioca e que disputar\u00e1 a S\u00e9rie Ouro, o grupo de acesso , em 2025. O an\u00fancio aconteceu nesta ter\u00e7a-feira (11) por meio de um comunicado nas redes sociais da agremia\u00e7\u00e3o.<\/p>\n\n\n\n<p>A empres\u00e1ria ter\u00e1 dupla jornada, visto que j\u00e1 \u00e9 musa da Vila Isabel\u00a0h\u00e1 12 anos. Antes, j\u00e1 havia sido Rainha de Bateria da Mocidade Independente de Padre Miguel\u00a0at\u00e9 2011 e ocupou o mesmo cargo na Imp\u00e9rio Casa Verde, em S\u00e3o Paulo. Ela volta a ocupar o posto no carnaval carioca depois de 13 anos.<\/p>\n\n\n\n<p>&#8220;A expectativa \u00e9 a melhor poss\u00edvel. Estou animada para um dos maiores desafios da minha vida, que \u00e9 estar a frente de uma das melhores baterias do carnaval carioca, que \u00e9 a Ritmo Feroz e continuar a minha trajet\u00f3ria em uma escola t\u00e3o tradicional como a Vila Isabel&#8221;, disse ela.<\/p>\n\n\n\n<p>Tati Minerato ocupava o posto de rainha da agremia\u00e7\u00e3o h\u00e1 tr\u00eas carnavais, quando foi destronada em fevereiro deste ano.\u00a0Agora, ela ocupa a posi\u00e7\u00e3o na Est\u00e1cio de S\u00e1, tamb\u00e9m da S\u00e9rie Ouro do carnaval carioca.<\/p>\n\n\n\n<p>Andrea n\u00e3o escondeu a emo\u00e7\u00e3o ao ocupar o posto e contou como surgiu o convite. &#8220;Ap\u00f3s o carnaval de 2024, recebi o convite da diretoria da Porto da Pedra, e para mim foi uma grande surpresa, pois sempre tive um carinho muito grande pela escola. No \u00faltimo carnaval,\u00a0me emocionei com a passagem da bateria, por\u00e9m nunca imaginei que um dia estaria ocupando esse lugar&#8221;, contou.<\/p>\n\n\n\n<p>&#8220;Sou grata pela oportunidade e confian\u00e7a depositadas em mim. Sei da responsabilidade que \u00e9 ocupar esse cargo, a Porto da Pedra \u00e9 uma escola gigante, que representa todo um munic\u00edpio, com uma comunidade forte. Estou ansiosa para conhecer os meus ritmistas, j\u00e1 tive um primeiro contato com o mestre Pablo e a troca foi incr\u00edvel, sei que faremos uma grande parceria, e vamos fazer um lindo carnaval&#8221;.<\/p>\n\n\n\n<p>&#8220;A energia da comunidade e a troca com os segmentos ser\u00e1 de extrema import\u00e2ncia para aguentar essa maratona, mas voc\u00eas podem ter certeza que darei o meu melhor pela escola, a comunidade de S\u00e3o Gon\u00e7alo pode contar comigo nessa jornada, e tenho certeza que ao final seremos felizes. Rumo ao grupo especial, meu Tigre!&#8221;, finalizou a musa.<\/p>\n\n\n\n<p>Fonte: gshow<\/p>\n\n\n\n<figure class=\"wp-block-image size-full\"><img decoding=\"async\" width=\"251\" height=\"88\" src=\"https:\/\/sgvaimudar.com.br\/wp-content\/uploads\/2023\/08\/Logo.png\" alt=\"\" class=\"wp-image-2738\" \/><\/figure>\n\n\n\n<p><\/p>\n","protected":false},"excerpt":{"rendered":"<p>Empres\u00e1ria far\u00e1 jornada dupla no carnaval carioca, em que \u00e9 musa da Vila Isabel h\u00e1 12 anos: &#8216;Um dos maiores&hellip;<\/p>\n","protected":false},"author":5,"featured_media":11359,"comment_status":"open","ping_status":"open","sticky":false,"template":"","format":"standard","meta":{"fifu_image_url":"","fifu_image_alt":"","footnotes":""},"categories":[6],"tags":[],"class_list":["post-11358","post","type-post","status-publish","format-standard","has-post-thumbnail","hentry","category-entretenimento"],"_links":{"self":[{"href":"https:\/\/sgvaimudar.com.br\/index.php\/wp-json\/wp\/v2\/posts\/11358","targetHints":{"allow":["GET"]}}],"collection":[{"href":"https:\/\/sgvaimudar.com.br\/index.php\/wp-json\/wp\/v2\/posts"}],"about":[{"href":"https:\/\/sgvaimudar.com.br\/index.php\/wp-json\/wp\/v2\/types\/post"}],"author":[{"embeddable":true,"href":"https:\/\/sgvaimudar.com.br\/index.php\/wp-json\/wp\/v2\/users\/5"}],"replies":[{"embeddable":true,"href":"https:\/\/sgvaimudar.com.br\/index.php\/wp-json\/wp\/v2\/comments?post=11358"}],"version-history":[{"count":1,"href":"https:\/\/sgvaimudar.com.br\/index.php\/wp-json\/wp\/v2\/posts\/11358\/revisions"}],"predecessor-version":[{"id":11360,"href":"https:\/\/sgvaimudar.com.br\/index.php\/wp-json\/wp\/v2\/posts\/11358\/revisions\/11360"}],"wp:featuredmedia":[{"embeddable":true,"href":"https:\/\/sgvaimudar.com.br\/index.php\/wp-json\/wp\/v2\/media\/11359"}],"wp:attachment":[{"href":"https:\/\/sgvaimudar.com.br\/index.php\/wp-json\/wp\/v2\/media?parent=11358"}],"wp:term":[{"taxonomy":"category","embeddable":true,"href":"https:\/\/sgvaimudar.com.br\/index.php\/wp-json\/wp\/v2\/categories?post=11358"},{"taxonomy":"post_tag","embeddable":true,"href":"https:\/\/sgvaimudar.com.br\/index.php\/wp-json\/wp\/v2\/tags?post=11358"}],"curies":[{"name":"wp","href":"https:\/\/api.w.org\/{rel}","templated":true}]}}