{"id":11285,"date":"2024-08-31T09:19:10","date_gmt":"2024-08-31T12:19:10","guid":{"rendered":"https:\/\/sgvaimudar.com.br\/?p=11285"},"modified":"2024-08-31T09:23:37","modified_gmt":"2024-08-31T12:23:37","slug":"7o-batalhao-de-policia-militar-em-sao-goncalo-comemora-100-anos-de-fundacao","status":"publish","type":"post","link":"https:\/\/sgvaimudar.com.br\/index.php\/2024\/08\/31\/7o-batalhao-de-policia-militar-em-sao-goncalo-comemora-100-anos-de-fundacao\/","title":{"rendered":"7\u00ba Batalh\u00e3o de Pol\u00edcia Militar, em S\u00e3o Gon\u00e7alo, comemora 100 anos de funda\u00e7\u00e3o"},"content":{"rendered":"\n<p>O 7\u00ba Batalh\u00e3o da Pol\u00edcia Militar no ano do seu centen\u00e1rio de funda\u00e7\u00e3o comemora a momento que, entre outras solenidades, j\u00e1 foi marcado por um v\u00eddeo institucional com o comandante Cel. PM\u00a0<em>Angelo<\/em>\u00a0Barbosa Castro\u00a0na sede da institui\u00e7\u00e3o em S\u00e3o Gon\u00e7alo.<\/p>\n\n\n\n<figure class=\"wp-block-video\"><video controls src=\"https:\/\/sgvaimudar.com.br\/18eae158-1573-47d3-9183-e5b0a8bf01e0\"><\/video><\/figure>\n\n\n\n<p>Segundo o comando de Seguran\u00e7a, \u00e9 essencial a presen\u00e7a dos militares na Corpora\u00e7\u00e3o para simbolizar e sinalizar a import\u00e2ncia do 7\u00ba Batalh\u00e3o da Pol\u00edcia Militar no planejamento de seguran\u00e7a e no v\u00eddeo todos s\u00e3o exaltados.<\/p>\n\n\n\n<p>O subcomandante Mattos J\u00fanior afirmou sobre os cuidados especiais que o Batalh\u00e3o tem pela regi\u00e3o. <\/p>\n\n\n\n<p>&#8220;A responsabilidade \u00e9 muito grande para manter a qualidade do trabalho que est\u00e1 sendo feito. Esta data \u00e9 uma honra para todos n\u00f3s\u201d.<\/p>\n\n\n\n<p>O post\u00a0do S\u00e3o Gon\u00e7alo Vai Mudar foi o primeiro a exibir o v\u00eddeo institucional do 7\u00baBPM, sobre seu centen\u00e1rio.<\/p>\n\n\n\n<p><strong>S\u00edntese Hist\u00f3rica<\/strong><\/p>\n\n\n\n<p>O 7\u00baBPM foi criado pelo decreto 2.047 de 30 de agosto 1924, com a denomina\u00e7\u00e3o de 1\u00b0 Batalh\u00e3o de Ca\u00e7adores, sediado na Caserna General Castrioto, no munic\u00edpio de Niter\u00f3i. <\/p>\n\n\n\n<p>Teve como seu 1\u00b0 Comandante o Major Eurico Rodrigues Peixoto. Em 05 de dezembro de 1946, atrav\u00e9s do Decreto n\u00b0 2.989, o General Jos\u00e9 Luiz da Fonseca Ramos foi institu\u00eddo como Patrono do 1\u00b0 Batalh\u00e3o de Ca\u00e7adores. <\/p>\n\n\n\n<p>Em 1\u00b0 de setembro de 1962, foi transferido para o munic\u00edpio de S\u00e3o Gon\u00e7alo, onde permanece at\u00e9 hoje atuando efetivamente como Unidade Operacional. Pelo Decreto n\u00b0 16.352 de 08 de abril de 1974, foi homologado como Patrono o Marechal Humberto de Alencar Castelo Branco. <\/p>\n\n\n\n<p>Atrav\u00e9s da Portaria n\u00b0 0071, de 03 de dezembro de 1975, passou a se chamar 7\u00b0 Batalh\u00e3o de Pol\u00edcia Militar, por for\u00e7a da renumera\u00e7\u00e3o a que as Unidades Operacionais foram submetidas depois da fus\u00e3o do ent\u00e3o Estado do Rio de Janeiro com o Estado da Guanabara, ocorrida em 15 de mar\u00e7o de 1975. <\/p>\n\n\n\n<p>Atualmente, o 7\u00b0 BPM tem como \u00e1rea de atua\u00e7\u00e3o um total de 249.142 km, referentes ao munic\u00edpio de S\u00e3o Gon\u00e7alo, atualmente o segundo munic\u00edpio mais populoso do estado. O atual Comandante \u00e9 o Cel. PM Angelo Barbosa Castro.<\/p>\n\n\n\n<p><strong><em><sup>S\u00e3o Gon\u00e7alo Vai Mudar. O Maior Portal da Cidade.<\/sup><\/em><\/strong><\/p>\n\n\n\n<figure class=\"wp-block-image size-full\"><img decoding=\"async\" width=\"250\" height=\"87\" src=\"https:\/\/sgvaimudar.com.br\/wp-content\/uploads\/2023\/08\/cropped-Logo.png\" alt=\"\" class=\"wp-image-2739\" \/><\/figure>\n","protected":false},"excerpt":{"rendered":"<p>O 7\u00ba Batalh\u00e3o da Pol\u00edcia Militar no ano do seu centen\u00e1rio de funda\u00e7\u00e3o comemora a momento que, entre outras solenidades,&hellip;<\/p>\n","protected":false},"author":5,"featured_media":11286,"comment_status":"open","ping_status":"open","sticky":false,"template":"","format":"standard","meta":{"fifu_image_url":"","fifu_image_alt":"","footnotes":""},"categories":[32],"tags":[],"class_list":["post-11285","post","type-post","status-publish","format-standard","has-post-thumbnail","hentry","category-casos-de-policia"],"_links":{"self":[{"href":"https:\/\/sgvaimudar.com.br\/index.php\/wp-json\/wp\/v2\/posts\/11285","targetHints":{"allow":["GET"]}}],"collection":[{"href":"https:\/\/sgvaimudar.com.br\/index.php\/wp-json\/wp\/v2\/posts"}],"about":[{"href":"https:\/\/sgvaimudar.com.br\/index.php\/wp-json\/wp\/v2\/types\/post"}],"author":[{"embeddable":true,"href":"https:\/\/sgvaimudar.com.br\/index.php\/wp-json\/wp\/v2\/users\/5"}],"replies":[{"embeddable":true,"href":"https:\/\/sgvaimudar.com.br\/index.php\/wp-json\/wp\/v2\/comments?post=11285"}],"version-history":[{"count":3,"href":"https:\/\/sgvaimudar.com.br\/index.php\/wp-json\/wp\/v2\/posts\/11285\/revisions"}],"predecessor-version":[{"id":11291,"href":"https:\/\/sgvaimudar.com.br\/index.php\/wp-json\/wp\/v2\/posts\/11285\/revisions\/11291"}],"wp:featuredmedia":[{"embeddable":true,"href":"https:\/\/sgvaimudar.com.br\/index.php\/wp-json\/wp\/v2\/media\/11286"}],"wp:attachment":[{"href":"https:\/\/sgvaimudar.com.br\/index.php\/wp-json\/wp\/v2\/media?parent=11285"}],"wp:term":[{"taxonomy":"category","embeddable":true,"href":"https:\/\/sgvaimudar.com.br\/index.php\/wp-json\/wp\/v2\/categories?post=11285"},{"taxonomy":"post_tag","embeddable":true,"href":"https:\/\/sgvaimudar.com.br\/index.php\/wp-json\/wp\/v2\/tags?post=11285"}],"curies":[{"name":"wp","href":"https:\/\/api.w.org\/{rel}","templated":true}]}}