{"id":11164,"date":"2024-08-28T15:00:00","date_gmt":"2024-08-28T18:00:00","guid":{"rendered":"https:\/\/sgvaimudar.com.br\/?p=11164"},"modified":"2024-08-29T08:05:41","modified_gmt":"2024-08-29T11:05:41","slug":"dois-criminosos-acusados-pela-policia-de-trafico-de-drogas-foram-presos-em-flagrante-em-itaborai","status":"publish","type":"post","link":"https:\/\/sgvaimudar.com.br\/index.php\/2024\/08\/28\/dois-criminosos-acusados-pela-policia-de-trafico-de-drogas-foram-presos-em-flagrante-em-itaborai\/","title":{"rendered":"Dois criminosos acusados pela pol\u00edcia de tr\u00e1fico de drogas foram presos em flagrante em Itabora\u00ed"},"content":{"rendered":"\n<p><em>Um deles foi socorrido ao hospital. Policiais militares do 12\u00baBPM e do 7\u00baBPM tamb\u00e9m fazem opera\u00e7\u00f5es<\/em><\/p>\n\n\n\n<p>Dois criminosos foram presos em flagrante, na tarde desta ter\u00e7a-feira (27), durante a\u00e7\u00e3o da equipe de policiais do 35\u00baBPM (Itabora\u00ed), realizada na Comunidade da Vi\u00fava. Segundo os agentes, um dos bandidos foi socorrido ao hospital da regi\u00e3o por se ferir no confronto. Na ocasi\u00e3o, arma, drogas e outros materiais foram apreendidos. <\/p>\n\n\n\n<figure class=\"wp-block-embed is-type-rich is-provider-twitter wp-block-embed-twitter\"><div class=\"wp-block-embed__wrapper\">\n<blockquote class=\"twitter-tweet\" data-width=\"550\" data-dnt=\"true\"><p lang=\"pt\" dir=\"ltr\">Arma, drogas e outros materiais foram apreendidos por policiais do <a href=\"https:\/\/twitter.com\/hashtag\/35BPM?src=hash&amp;ref_src=twsrc%5Etfw\">#35BPM<\/a>, na tarde desta ter\u00e7a, durante a\u00e7\u00e3o realizada na Comunidade da Vi\u00fava, em <a href=\"https:\/\/twitter.com\/hashtag\/Itabora%C3%AD?src=hash&amp;ref_src=twsrc%5Etfw\">#Itabora\u00ed<\/a>. Dois criminosos foram presos em flagrante, sendo um deles socorrido ao hospital da regi\u00e3o por se ferir no confronto. <a href=\"https:\/\/t.co\/M95caCXfld\">pic.twitter.com\/M95caCXfld<\/a><\/p>&mdash; @pmerj (@PMERJ) <a href=\"https:\/\/twitter.com\/PMERJ\/status\/1828551030315065645?ref_src=twsrc%5Etfw\">August 27, 2024<\/a><\/blockquote><script async src=\"https:\/\/platform.twitter.com\/widgets.js\" charset=\"utf-8\"><\/script>\n<\/div><\/figure>\n\n\n\n<p>Em Itaipu, na Regi\u00e3o Oce\u00e2nica de Niter\u00f3i, durante patrulhamento de rotina, os policiais do 12\u00baBPM, apreenderam arma, drogas e r\u00e1dios transmissores, nesta ter\u00e7a-feira (27\/8), durante a\u00e7\u00e3o realizada na localidade Boa Esperan\u00e7a.<\/p>\n\n\n\n<figure class=\"wp-block-embed is-type-rich is-provider-twitter wp-block-embed-twitter\"><div class=\"wp-block-embed__wrapper\">\n<blockquote class=\"twitter-tweet\" data-width=\"550\" data-dnt=\"true\"><p lang=\"pt\" dir=\"ltr\">Arma, drogas e r\u00e1dios transmissores foram apreendidos por nossos policiais do <a href=\"https:\/\/twitter.com\/hashtag\/12BPM?src=hash&amp;ref_src=twsrc%5Etfw\">#12BPM<\/a>, nesta ter\u00e7a, durante a\u00e7\u00e3o realizada na localidade Boa Esperan\u00e7a, bairro Itaipu, em <a href=\"https:\/\/twitter.com\/hashtag\/Niter%C3%B3i?src=hash&amp;ref_src=twsrc%5Etfw\">#Niter\u00f3i<\/a>. <a href=\"https:\/\/t.co\/s1n9UUp2zs\">pic.twitter.com\/s1n9UUp2zs<\/a><\/p>&mdash; @pmerj (@PMERJ) <a href=\"https:\/\/twitter.com\/PMERJ\/status\/1828617695295656245?ref_src=twsrc%5Etfw\">August 28, 2024<\/a><\/blockquote><script async src=\"https:\/\/platform.twitter.com\/widgets.js\" charset=\"utf-8\"><\/script>\n<\/div><\/figure>\n\n\n\n<p>Ainda na Comunidade do Brejal, localizada no bairro Bom Retiro, em S\u00e3o Gon\u00e7alo os policiais do 7\u00baBPM bateram um novo recorde na retirada de barreiras f\u00edsicas na regi\u00e3o. Segundo as informa\u00e7\u00f5es, ao todo, 15 toneladas de material foram recolhidas, em tr\u00eas diferentes pontos.<\/p>\n\n\n\n<figure class=\"wp-block-embed is-type-rich is-provider-twitter wp-block-embed-twitter\"><div class=\"wp-block-embed__wrapper\">\n<blockquote class=\"twitter-tweet\" data-width=\"550\" data-dnt=\"true\"><p lang=\"pt\" dir=\"ltr\">Equipes do <a href=\"https:\/\/twitter.com\/hashtag\/7BPM?src=hash&amp;ref_src=twsrc%5Etfw\">#7BPM<\/a> realizaram uma a\u00e7\u00e3o de retirada de barricadas (barreiras f\u00edsicas), na manh\u00e3 desta ter\u00e7a-feira, na Comunidade do Brejal, localizada no bairro Bom Retiro, em S\u00e3o Gon\u00e7alo. Ao todo, 15 toneladas de material foram recolhidas, em tr\u00eas diferentes pontos. <a href=\"https:\/\/t.co\/DkWDUaM8aK\">pic.twitter.com\/DkWDUaM8aK<\/a><\/p>&mdash; @pmerj (@PMERJ) <a href=\"https:\/\/twitter.com\/PMERJ\/status\/1828430598110577124?ref_src=twsrc%5Etfw\">August 27, 2024<\/a><\/blockquote><script async src=\"https:\/\/platform.twitter.com\/widgets.js\" charset=\"utf-8\"><\/script>\n<\/div><\/figure>\n\n\n\n<p><strong><em><sup>S\u00e3o Gon\u00e7alo Vai Mudar. O Maior Portal da Cidade.<\/sup><\/em><\/strong><\/p>\n\n\n\n<figure class=\"wp-block-image size-full\"><img decoding=\"async\" width=\"251\" height=\"88\" src=\"https:\/\/sgvaimudar.com.br\/wp-content\/uploads\/2023\/08\/Logo.png\" alt=\"\" class=\"wp-image-2738\" \/><\/figure>\n","protected":false},"excerpt":{"rendered":"<p>Um deles foi socorrido ao hospital. Policiais militares do 12\u00baBPM e do 7\u00baBPM tamb\u00e9m fazem opera\u00e7\u00f5es Dois criminosos foram presos&hellip;<\/p>\n","protected":false},"author":5,"featured_media":11165,"comment_status":"open","ping_status":"open","sticky":false,"template":"","format":"standard","meta":{"fifu_image_url":"","fifu_image_alt":"","footnotes":""},"categories":[32],"tags":[],"class_list":["post-11164","post","type-post","status-publish","format-standard","has-post-thumbnail","hentry","category-casos-de-policia"],"_links":{"self":[{"href":"https:\/\/sgvaimudar.com.br\/index.php\/wp-json\/wp\/v2\/posts\/11164","targetHints":{"allow":["GET"]}}],"collection":[{"href":"https:\/\/sgvaimudar.com.br\/index.php\/wp-json\/wp\/v2\/posts"}],"about":[{"href":"https:\/\/sgvaimudar.com.br\/index.php\/wp-json\/wp\/v2\/types\/post"}],"author":[{"embeddable":true,"href":"https:\/\/sgvaimudar.com.br\/index.php\/wp-json\/wp\/v2\/users\/5"}],"replies":[{"embeddable":true,"href":"https:\/\/sgvaimudar.com.br\/index.php\/wp-json\/wp\/v2\/comments?post=11164"}],"version-history":[{"count":2,"href":"https:\/\/sgvaimudar.com.br\/index.php\/wp-json\/wp\/v2\/posts\/11164\/revisions"}],"predecessor-version":[{"id":11185,"href":"https:\/\/sgvaimudar.com.br\/index.php\/wp-json\/wp\/v2\/posts\/11164\/revisions\/11185"}],"wp:featuredmedia":[{"embeddable":true,"href":"https:\/\/sgvaimudar.com.br\/index.php\/wp-json\/wp\/v2\/media\/11165"}],"wp:attachment":[{"href":"https:\/\/sgvaimudar.com.br\/index.php\/wp-json\/wp\/v2\/media?parent=11164"}],"wp:term":[{"taxonomy":"category","embeddable":true,"href":"https:\/\/sgvaimudar.com.br\/index.php\/wp-json\/wp\/v2\/categories?post=11164"},{"taxonomy":"post_tag","embeddable":true,"href":"https:\/\/sgvaimudar.com.br\/index.php\/wp-json\/wp\/v2\/tags?post=11164"}],"curies":[{"name":"wp","href":"https:\/\/api.w.org\/{rel}","templated":true}]}}