{"id":11158,"date":"2024-08-28T11:00:00","date_gmt":"2024-08-28T14:00:00","guid":{"rendered":"https:\/\/sgvaimudar.com.br\/?p=11158"},"modified":"2024-08-28T09:19:36","modified_gmt":"2024-08-28T12:19:36","slug":"cpi-das-embarcacoes-e-comissao-de-combate-a-desordem-urbana-serao-prorrogadas-na-alerj","status":"publish","type":"post","link":"https:\/\/sgvaimudar.com.br\/index.php\/2024\/08\/28\/cpi-das-embarcacoes-e-comissao-de-combate-a-desordem-urbana-serao-prorrogadas-na-alerj\/","title":{"rendered":"CPI das embarca\u00e7\u00f5es e Comiss\u00e3o de Combate \u00e0 Desordem Urbana ser\u00e3o prorrogadas na Alerj"},"content":{"rendered":"\n<p>A Comiss\u00e3o Parlamentar de Inqu\u00e9rito (CPI) da Assembleia Legislativa do Estado do Rio de Janeiro (Alerj) destinada a investigar embarca\u00e7\u00f5es abandonadas no litoral fluminense ser\u00e1 prorrogada por mais 60 dias. <\/p>\n\n\n\n<p>J\u00e1 a Comiss\u00e3o Especial para acompanhar as pol\u00edticas p\u00fablicas de combate \u00e0 desordem urbana ter\u00e1 seu prazo ampliado por mais 90 dias. As duas prorroga\u00e7\u00f5es constam nos Requerimentos 56\/24 e 57\/24, respectivamente, que foram aprovados, em discuss\u00e3o \u00fanica, pelo plen\u00e1rio do Parlamento Fluminense, nesta ter\u00e7a-feira (27\/08).<\/p>\n\n\n\n<p>Segundo a Alerj, a  CPI tem o objetivo de buscar solu\u00e7\u00f5es para o abandono de embarca\u00e7\u00f5es, a fim de evitar acidentes como a colis\u00e3o de um navio contra a Ponte Rio-Niter\u00f3i, ocorrida em novembro de 2022, e o encalhe de um graneleiro na Ba\u00eda de Sepetiba, que aconteceu em maio do ano passado.<\/p>\n\n\n\n<p>Assinam o requerimento para prorroga\u00e7\u00e3o o ent\u00e3o presidente da CPI, Dr. Deodalto, que est\u00e1 licenciado, j\u00e1 que \u00e9 o atual secret\u00e1rio de Estado de Agricultura, al\u00e9m da deputada Lucinha (PSD), que \u00e9 a relatora do colegiado, e os deputados Rafael Nobre (Uni\u00e3o), Jorge Felippe Neto (Avente) e Fl\u00e1vio Serafini (PSol), que s\u00e3o membros efetivos da comiss\u00e3o.<\/p>\n\n\n\n<p><strong>Comiss\u00e3o de Desordem Urbana<\/strong><\/p>\n\n\n\n<p>Por sua vez, a comiss\u00e3o especial atua em diversas frentes e j\u00e1 realizou oitivas com representantes dos \u00f3rg\u00e3os de tr\u00e2nsito do Estado do Rio e fez dilig\u00eancias externas, como ao Hospital Geral de Guar\u00fas (HGG), em Campos, Norte Fluminense.<\/p>\n\n\n\n<p>\u201cA complexidade da mat\u00e9ria e por ter ainda esta comiss\u00e3o que promover dilig\u00eancias, requisitar documentos, ouvir \u00f3rg\u00e3os e empresas relacionadas com o seu objeto justificam o presente pedido\u201d, declarou o presidente do grupo, deputado Alan Lopes (PL).<\/p>\n\n\n\n<p>Al\u00e9m de Alan Lopes, tamb\u00e9m assinam o pedido de prorroga\u00e7\u00e3o da comiss\u00e3o o deputado Rodrigo Amorim (Uni\u00e3o), que \u00e9 vice-presidente, al\u00e9m dos integrantes titulares os deputados J\u00falio Rocha (Agir) e Dion\u00edsio Lins (PP), e o parlamentar suplente Rafael Nobre (Uni\u00e3o).<\/p>\n\n\n\n<p><strong><em><sup>S\u00e3o Gon\u00e7alo Vai Mudar. O Maior Portal da Cidade.<\/sup><\/em><\/strong><\/p>\n\n\n\n<figure class=\"wp-block-image size-large\"><img fetchpriority=\"high\" decoding=\"async\" width=\"1024\" height=\"321\" src=\"https:\/\/sgvaimudar.com.br\/wp-content\/uploads\/2023\/08\/Logo-Provisoria-2-1024x321.png\" alt=\"\" class=\"wp-image-2777\" srcset=\"https:\/\/sgvaimudar.com.br\/wp-content\/uploads\/2023\/08\/Logo-Provisoria-2-1024x321.png 1024w, https:\/\/sgvaimudar.com.br\/wp-content\/uploads\/2023\/08\/Logo-Provisoria-2-300x94.png 300w, https:\/\/sgvaimudar.com.br\/wp-content\/uploads\/2023\/08\/Logo-Provisoria-2-768x241.png 768w, https:\/\/sgvaimudar.com.br\/wp-content\/uploads\/2023\/08\/Logo-Provisoria-2-1536x482.png 1536w, https:\/\/sgvaimudar.com.br\/wp-content\/uploads\/2023\/08\/Logo-Provisoria-2-2048x642.png 2048w\" sizes=\"(max-width: 1024px) 100vw, 1024px\" \/><\/figure>\n","protected":false},"excerpt":{"rendered":"<p>A Comiss\u00e3o Parlamentar de Inqu\u00e9rito (CPI) da Assembleia Legislativa do Estado do Rio de Janeiro (Alerj) destinada a investigar embarca\u00e7\u00f5es&hellip;<\/p>\n","protected":false},"author":5,"featured_media":11159,"comment_status":"open","ping_status":"open","sticky":false,"template":"","format":"standard","meta":{"fifu_image_url":"","fifu_image_alt":"","footnotes":""},"categories":[4],"tags":[],"class_list":["post-11158","post","type-post","status-publish","format-standard","has-post-thumbnail","hentry","category-brasil"],"_links":{"self":[{"href":"https:\/\/sgvaimudar.com.br\/index.php\/wp-json\/wp\/v2\/posts\/11158","targetHints":{"allow":["GET"]}}],"collection":[{"href":"https:\/\/sgvaimudar.com.br\/index.php\/wp-json\/wp\/v2\/posts"}],"about":[{"href":"https:\/\/sgvaimudar.com.br\/index.php\/wp-json\/wp\/v2\/types\/post"}],"author":[{"embeddable":true,"href":"https:\/\/sgvaimudar.com.br\/index.php\/wp-json\/wp\/v2\/users\/5"}],"replies":[{"embeddable":true,"href":"https:\/\/sgvaimudar.com.br\/index.php\/wp-json\/wp\/v2\/comments?post=11158"}],"version-history":[{"count":1,"href":"https:\/\/sgvaimudar.com.br\/index.php\/wp-json\/wp\/v2\/posts\/11158\/revisions"}],"predecessor-version":[{"id":11160,"href":"https:\/\/sgvaimudar.com.br\/index.php\/wp-json\/wp\/v2\/posts\/11158\/revisions\/11160"}],"wp:featuredmedia":[{"embeddable":true,"href":"https:\/\/sgvaimudar.com.br\/index.php\/wp-json\/wp\/v2\/media\/11159"}],"wp:attachment":[{"href":"https:\/\/sgvaimudar.com.br\/index.php\/wp-json\/wp\/v2\/media?parent=11158"}],"wp:term":[{"taxonomy":"category","embeddable":true,"href":"https:\/\/sgvaimudar.com.br\/index.php\/wp-json\/wp\/v2\/categories?post=11158"},{"taxonomy":"post_tag","embeddable":true,"href":"https:\/\/sgvaimudar.com.br\/index.php\/wp-json\/wp\/v2\/tags?post=11158"}],"curies":[{"name":"wp","href":"https:\/\/api.w.org\/{rel}","templated":true}]}}