{"id":11145,"date":"2024-08-28T08:48:26","date_gmt":"2024-08-28T11:48:26","guid":{"rendered":"https:\/\/sgvaimudar.com.br\/?p=11145"},"modified":"2024-08-28T08:48:27","modified_gmt":"2024-08-28T11:48:27","slug":"procurando-arariboia-tem-pre-estreia-nesta-sexta-30-no-teatro-popular-oscar-niemeyer-em-niteroi","status":"publish","type":"post","link":"https:\/\/sgvaimudar.com.br\/index.php\/2024\/08\/28\/procurando-arariboia-tem-pre-estreia-nesta-sexta-30-no-teatro-popular-oscar-niemeyer-em-niteroi\/","title":{"rendered":"\u201cProcurando Arariboia\u201d tem pr\u00e9-estreia nesta sexta 30, no Teatro Popular Oscar Niemeyer, em Niter\u00f3i"},"content":{"rendered":"\n<p><em>Grupo Teatro Meteco conta a hist\u00f3ria do m\u00edtico ind\u00edgena, sob a perspectiva dos habitantes origin\u00e1rios da Baia de Guanabara<\/em><\/p>\n\n\n\n<p>Figura essencial para a funda\u00e7\u00e3o das cidades do Rio de Janeiro e Niter\u00f3i, o m\u00edtico ind\u00edgena Arariboia \u00e9 tema do espet\u00e1culo que o grupo\u00a0Teatro Meteco\u00a0apresenta em\u00a030 de agosto\u00a0(sexta, \u00e0s\u00a020h), no\u00a0Teatro Popular Oscar Niemeyer, em Niter\u00f3i, em pr\u00e9-estreia.\u00a0Utilizando recursos do Teatro de Anima\u00e7\u00e3o, meias-m\u00e1scaras caracterizam mais de dez personagens arqu\u00e9tipos da sociedade.<\/p>\n\n\n\n<figure class=\"wp-block-image size-large\"><img fetchpriority=\"high\" decoding=\"async\" width=\"1024\" height=\"682\" src=\"https:\/\/sgvaimudar.com.br\/wp-content\/uploads\/2024\/08\/WhatsApp-Image-2024-08-27-at-16.28.58-1024x682.jpeg\" alt=\"\" class=\"wp-image-11146\" srcset=\"https:\/\/sgvaimudar.com.br\/wp-content\/uploads\/2024\/08\/WhatsApp-Image-2024-08-27-at-16.28.58-1024x682.jpeg 1024w, https:\/\/sgvaimudar.com.br\/wp-content\/uploads\/2024\/08\/WhatsApp-Image-2024-08-27-at-16.28.58-300x200.jpeg 300w, https:\/\/sgvaimudar.com.br\/wp-content\/uploads\/2024\/08\/WhatsApp-Image-2024-08-27-at-16.28.58-768x512.jpeg 768w, https:\/\/sgvaimudar.com.br\/wp-content\/uploads\/2024\/08\/WhatsApp-Image-2024-08-27-at-16.28.58.jpeg 1280w\" sizes=\"(max-width: 1024px) 100vw, 1024px\" \/><\/figure>\n\n\n\n<p>Em \u201cProcurando Arariboia\u201d, os atores\u00a0Gabriel Vaz,\u00a0Gabriela Dyminski,\u00a0Isadora Britto,\u00a0Ma\u00edra\u00a0e\u00a0Nelson Gaia, sob a dire\u00e7\u00e3o de\u00a0Mat\u00edas Palma,\u00a0resgatam a mem\u00f3ria hist\u00f3rica e cultural do Brasil pr\u00e9-colonial e a contam pela perspectiva dos habitantes origin\u00e1rios da Guanabara, desmistificando a narrativa oficial dos conquistadores.\u00a0A\u00a0partir de\u00a06 de setembro, a montagem cumpre temporada no\u00a0Teatro Glauce Rocha, no Centro do Rio de Janeiro, at\u00e9 o dia 22 do mesmo m\u00eas.<br>\u00a0<br>Com uma linguagem sat\u00edrica e utilizando-se de recursos do Teatro de Anima\u00e7\u00e3o, a trama se passa no Brasil do s\u00e9culo XVI e narra a jornada de vida de Arariboia, desde sua condi\u00e7\u00e3o como um indiv\u00edduo comum at\u00e9 se tornar l\u00edder de seu povo, enfrentando decis\u00f5es dif\u00edceis em prol de sua sobreviv\u00eancia e, tamb\u00e9m, de suas pr\u00f3prias ambi\u00e7\u00f5es.<br>\u00a0<br>Chileno radicado em Niter\u00f3i desde 2006, o diretor Mat\u00edas Palma conta que a\u00a0escolha do personagem n\u00e3o foi acidental.\u00a0Grande estrategista e guerreiro implac\u00e1vel, ele \u00e9 o ind\u00edgena mais importante na funda\u00e7\u00e3o do Rio de Janeiro e considerado o &#8220;pai fundador&#8221; de Niter\u00f3i, onde quase toda a equipe do espet\u00e1culo reside.\u00a0Por\u00e9m, esse mito esconde o fato de que Arariboia se tornou um aliado dos invasores, transformando-se tamb\u00e9m no primeiro anti-her\u00f3i do Brasil.<br>\u00a0<br>\u201cArariboia \u00e9 uma figura controversa e que chama aten\u00e7\u00e3o por misturar dois mundos. Ele abra\u00e7a os\u00a0portugueses por motiva\u00e7\u00f5es pol\u00edticas. O \u00edndio \u00e9 expulso de sua terra pelos Tamoios e, em sua di\u00e1spora, acaba adotando o cristianismo atrav\u00e9s do conv\u00edvio com os jesu\u00edtas. No entanto, ao final de sua vida, ele confronta a realidade de nunca ter sido verdadeiramente aceito pelos europeus, apesar de ter se distanciado de sua cultura original\u201d, conta.<br>\u00a0<br>A dramaturgia, escrita a seis m\u00e3os por Mat\u00edas e pelos atores Gabriel e Isadora, que tamb\u00e9m s\u00e3o roteiristas de teatro e do audiovisual, se baseou em uma minuciosa pesquisa hist\u00f3rica, constru\u00edda tamb\u00e9m na sala de ensaio, em um laborat\u00f3rio que teve in\u00edcio em 2021.\u00a0\u00a0<br>\u00a0<br>\u00a0<br>\u201cProcurando Arariboia\u201d traz uma proposta de montagem c\u00eanica de Teatro de Anima\u00e7\u00e3o, moldada pelo teatro gestual desenvolvido por Jacques Lecoq, originado a partir da pantomima cl\u00e1ssica na Fran\u00e7a e sua fus\u00e3o com o teatro popular italiano. Confeccionadas pelo pr\u00f3prio diretor, 26 meias-m\u00e1scaras s\u00e3o usadas para caracterizar os mais de dez personagens do espet\u00e1culo, seguindo a tradi\u00e7\u00e3o da Commedia dell&#8217;arte italiana e aproveitando os arqu\u00e9tipos da pr\u00f3pria sociedade para criar personagens reconhec\u00edveis por todo o p\u00fablico.<br>\u00a0<br>A cenografia traz uma grande estrutura m\u00f3vel de madeira, inspirada nas caravelas, que permite a intera\u00e7\u00e3o com o movimento dos cinco atores. Proje\u00e7\u00f5es inspiradas nas sombras chinesas completam a narrativa visual da pe\u00e7a.<br>\u00a0<br>Mat\u00edas Palma (idealizador, autor e diretor)<br>Ator, cineasta e gestor cultural. Nascido no Chile em 1981 e radicado em Niter\u00f3i, Rio de Janeiro, desde 2006. Em 2001, obteve o diploma Mime-Theater-Movement na Escola Internacional del Gesto y La Imagen &#8211; La Mancha, no Chile e, em 2009, se forma em Cinema na UNESA &#8211; RJ. Em 2002, \u00a0fundou o Colectivo Teatral Plancton onde dirigiu e escreveu as pe\u00e7as \u201cEl crimen del cura Tato\u201d e \u201cSanto Progreso\u201d com apresenta\u00e7\u00f5es e turn\u00eas no Chile, Per\u00fa, Cuba, Espanha It\u00e1lia e Turquia.<br>\u00a0<br>Como ator, participou nas pe\u00e7as \u201cANIMALES\u201d, \u201cMalaclase\u201d, \u201cAl Principio\u201d, \u201cHijos De La Noche\u201d, \u201cFin De Mundo\u201d e \u201c\u00d3pera P\u00e2nica\u201d. No campo audiovisual, dirigiu o longa-metragem \u201cNovembro\u201d (Mirenax 2021) e os document\u00e1rios \u201cEra uma vez um povoado\u201d (Sagui 2021), \u201cAmaz\u00f4nia INC.\u201d (Levante \u2013 Sagui 2017), \u201cChile Intercultural\u201d (Sagui 2015) e o curta-metragem ficcional \u201cFreio de Emerg\u00eancia\u201d (SAGUI 2017). Tamb\u00e9m produziu e dirigiu v\u00eddeos institucionais, clipes musicais e campanhas de comunica\u00e7\u00e3o. Como gestor, tem produzido eventos de pequeno e grande porte, destacando a dire\u00e7\u00e3o de produ\u00e7\u00e3o do Festival de Teatro de Providencia (Chile) e a Gest\u00e3o do Ponto de Cultura &#8220;SEIVA&#8221; (Brasil).<\/p>\n\n\n\n<p><strong><em><sup>S\u00e3o Gon\u00e7alo Vai Mudar. O Maior Portal da Cidade.<\/sup><\/em><\/strong><\/p>\n\n\n\n<figure class=\"wp-block-image size-large\"><img decoding=\"async\" width=\"1024\" height=\"378\" src=\"https:\/\/sgvaimudar.com.br\/wp-content\/uploads\/2023\/08\/cropped-Logo-Provisoria-2-1-1024x378.png\" alt=\"\" class=\"wp-image-2780\" srcset=\"https:\/\/sgvaimudar.com.br\/wp-content\/uploads\/2023\/08\/cropped-Logo-Provisoria-2-1-1024x378.png 1024w, https:\/\/sgvaimudar.com.br\/wp-content\/uploads\/2023\/08\/cropped-Logo-Provisoria-2-1-300x111.png 300w, https:\/\/sgvaimudar.com.br\/wp-content\/uploads\/2023\/08\/cropped-Logo-Provisoria-2-1-768x284.png 768w, https:\/\/sgvaimudar.com.br\/wp-content\/uploads\/2023\/08\/cropped-Logo-Provisoria-2-1.png 1386w\" sizes=\"(max-width: 1024px) 100vw, 1024px\" \/><\/figure>\n","protected":false},"excerpt":{"rendered":"<p>Grupo Teatro Meteco conta a hist\u00f3ria do m\u00edtico ind\u00edgena, sob a perspectiva dos habitantes origin\u00e1rios da Baia de Guanabara Figura&hellip;<\/p>\n","protected":false},"author":5,"featured_media":11147,"comment_status":"open","ping_status":"open","sticky":false,"template":"","format":"standard","meta":{"fifu_image_url":"","fifu_image_alt":"","footnotes":""},"categories":[6],"tags":[],"class_list":["post-11145","post","type-post","status-publish","format-standard","has-post-thumbnail","hentry","category-entretenimento"],"_links":{"self":[{"href":"https:\/\/sgvaimudar.com.br\/index.php\/wp-json\/wp\/v2\/posts\/11145","targetHints":{"allow":["GET"]}}],"collection":[{"href":"https:\/\/sgvaimudar.com.br\/index.php\/wp-json\/wp\/v2\/posts"}],"about":[{"href":"https:\/\/sgvaimudar.com.br\/index.php\/wp-json\/wp\/v2\/types\/post"}],"author":[{"embeddable":true,"href":"https:\/\/sgvaimudar.com.br\/index.php\/wp-json\/wp\/v2\/users\/5"}],"replies":[{"embeddable":true,"href":"https:\/\/sgvaimudar.com.br\/index.php\/wp-json\/wp\/v2\/comments?post=11145"}],"version-history":[{"count":1,"href":"https:\/\/sgvaimudar.com.br\/index.php\/wp-json\/wp\/v2\/posts\/11145\/revisions"}],"predecessor-version":[{"id":11148,"href":"https:\/\/sgvaimudar.com.br\/index.php\/wp-json\/wp\/v2\/posts\/11145\/revisions\/11148"}],"wp:featuredmedia":[{"embeddable":true,"href":"https:\/\/sgvaimudar.com.br\/index.php\/wp-json\/wp\/v2\/media\/11147"}],"wp:attachment":[{"href":"https:\/\/sgvaimudar.com.br\/index.php\/wp-json\/wp\/v2\/media?parent=11145"}],"wp:term":[{"taxonomy":"category","embeddable":true,"href":"https:\/\/sgvaimudar.com.br\/index.php\/wp-json\/wp\/v2\/categories?post=11145"},{"taxonomy":"post_tag","embeddable":true,"href":"https:\/\/sgvaimudar.com.br\/index.php\/wp-json\/wp\/v2\/tags?post=11145"}],"curies":[{"name":"wp","href":"https:\/\/api.w.org\/{rel}","templated":true}]}}