{"id":11132,"date":"2024-08-28T08:17:36","date_gmt":"2024-08-28T11:17:36","guid":{"rendered":"https:\/\/sgvaimudar.com.br\/?p=11132"},"modified":"2024-08-28T08:17:36","modified_gmt":"2024-08-28T11:17:36","slug":"dois-milicianos-que-extorquiam-comerciantes-sao-presos-no-terreirao-no-recreio","status":"publish","type":"post","link":"https:\/\/sgvaimudar.com.br\/index.php\/2024\/08\/28\/dois-milicianos-que-extorquiam-comerciantes-sao-presos-no-terreirao-no-recreio\/","title":{"rendered":"Dois milicianos que extorquiam comerciantes s\u00e3o presos no Terreir\u00e3o, no Recreio"},"content":{"rendered":"\n<p><em>Eles fazem parte do grupo conhecido como &#8220;Mil\u00edcia da Curicica&#8221;. A dupla estava com R$ 1.000,00 e com arma de uso restrito<\/em><\/p>\n\n\n\n<p>Dois milicianos foram presos em flagrante por policiais nesta segunda-feira (26). Segundo os agentes, Jhonny Machado Alves e Jo\u00e3o Passos de Almeida Neto, vulgo \u201c<strong><em>An\u00e3o<\/em><\/strong>\u201d, foram capturados no momento em que realizavam cobran\u00e7as extorsion\u00e1rias no com\u00e9rcio da Avenida Canal das Taxas, Terreir\u00e3o, no Recreio dos Bandeirantes.<\/p>\n\n\n\n<figure class=\"wp-block-video\"><video height=\"480\" style=\"aspect-ratio: 848 \/ 480;\" width=\"848\" controls src=\"https:\/\/sgvaimudar.com.br\/wp-content\/uploads\/2024\/08\/WhatsApp-Video-2024-08-27-at-11.06.42.mp4\"><\/video><\/figure>\n\n\n\n<p>Segundo a ocorr\u00eancia, no momento da abordagem foram encontrados: 1 rev\u00f3lver cal. 38, com numera\u00e7\u00e3o suprimida, um aparelho celular Samsung, 1 motocicleta Yamaha N-Max cinza com detalhes amarelos, pertencente a genitora do nacional Jhonny, al\u00e9m da import\u00e2ncia de R$ 1.210,00 (um mil, duzentos e dez reais), fruto das extors\u00f5es praticadas pelos milicianos em desfavor do com\u00e9rcio local.<\/p>\n\n\n\n<p>&#8220;Cumpre salientar ainda que o custodiado vulgo An\u00e3o possui passagens pelos crimes de mil\u00edcia privada e roubo, j\u00e1 o custodiado de vulgo Jhonny \u00e9 filho do miliciano de vulgo \u201c<strong><em>Fofo<\/em><\/strong>\u201d, neutralizando por policiais civis junto com o miliciano de vulgo \u201c<strong><em>Delsinho<\/em><\/strong>\u201d, irm\u00e3o do miliciano conhecido como \u201c<strong><em>Tandera<\/em><\/strong>\u201d.<\/p>\n\n\n\n<p>Segundo as autoridades policiais, com a realiza\u00e7\u00e3o do flagrante delito, os dois capturados v\u00e3o responder pelos crimes de extors\u00e3o, constitui\u00e7\u00e3o de mil\u00edcia privada e porte de arma de fogo de uso restrito.<\/p>\n\n\n\n<p>&#8220;Foi  determinando ainda a continuidade das investiga\u00e7\u00f5es para que mais indiv\u00edduos do grupo de milicianos denominado \u201cMil\u00edcia da Curicica\u201d sejam identificados e presos, assim como seus l\u00edderes de vulgo \u201c<strong><em>Boto<\/em><\/strong>\u201d e \u201c<strong><em>Xuxa<\/em><\/strong>\u201d&#8221;, concluiu a pol\u00edcia na nota.<\/p>\n\n\n\n<p><strong><em><sup>S\u00e3o Gon\u00e7alo Vai Mudar. O Maior Portal da Cidade.<\/sup><\/em><\/strong><\/p>\n\n\n\n<figure class=\"wp-block-image size-full\"><img decoding=\"async\" width=\"251\" height=\"88\" src=\"https:\/\/sgvaimudar.com.br\/wp-content\/uploads\/2023\/08\/Logo.png\" alt=\"\" class=\"wp-image-2738\" \/><\/figure>\n","protected":false},"excerpt":{"rendered":"<p>Eles fazem parte do grupo conhecido como &#8220;Mil\u00edcia da Curicica&#8221;. A dupla estava com R$ 1.000,00 e com arma de&hellip;<\/p>\n","protected":false},"author":5,"featured_media":11133,"comment_status":"open","ping_status":"open","sticky":false,"template":"","format":"standard","meta":{"fifu_image_url":"","fifu_image_alt":"","footnotes":""},"categories":[32],"tags":[],"class_list":["post-11132","post","type-post","status-publish","format-standard","has-post-thumbnail","hentry","category-casos-de-policia"],"_links":{"self":[{"href":"https:\/\/sgvaimudar.com.br\/index.php\/wp-json\/wp\/v2\/posts\/11132","targetHints":{"allow":["GET"]}}],"collection":[{"href":"https:\/\/sgvaimudar.com.br\/index.php\/wp-json\/wp\/v2\/posts"}],"about":[{"href":"https:\/\/sgvaimudar.com.br\/index.php\/wp-json\/wp\/v2\/types\/post"}],"author":[{"embeddable":true,"href":"https:\/\/sgvaimudar.com.br\/index.php\/wp-json\/wp\/v2\/users\/5"}],"replies":[{"embeddable":true,"href":"https:\/\/sgvaimudar.com.br\/index.php\/wp-json\/wp\/v2\/comments?post=11132"}],"version-history":[{"count":1,"href":"https:\/\/sgvaimudar.com.br\/index.php\/wp-json\/wp\/v2\/posts\/11132\/revisions"}],"predecessor-version":[{"id":11135,"href":"https:\/\/sgvaimudar.com.br\/index.php\/wp-json\/wp\/v2\/posts\/11132\/revisions\/11135"}],"wp:featuredmedia":[{"embeddable":true,"href":"https:\/\/sgvaimudar.com.br\/index.php\/wp-json\/wp\/v2\/media\/11133"}],"wp:attachment":[{"href":"https:\/\/sgvaimudar.com.br\/index.php\/wp-json\/wp\/v2\/media?parent=11132"}],"wp:term":[{"taxonomy":"category","embeddable":true,"href":"https:\/\/sgvaimudar.com.br\/index.php\/wp-json\/wp\/v2\/categories?post=11132"},{"taxonomy":"post_tag","embeddable":true,"href":"https:\/\/sgvaimudar.com.br\/index.php\/wp-json\/wp\/v2\/tags?post=11132"}],"curies":[{"name":"wp","href":"https:\/\/api.w.org\/{rel}","templated":true}]}}