{"id":11126,"date":"2024-08-27T14:00:00","date_gmt":"2024-08-27T17:00:00","guid":{"rendered":"https:\/\/sgvaimudar.com.br\/?p=11126"},"modified":"2024-08-27T10:40:47","modified_gmt":"2024-08-27T13:40:47","slug":"adele-afirma-que-tenta-vir-ao-brasil-ha-13-anos-prefeito-do-rio-de-janeiro-se-manifesta","status":"publish","type":"post","link":"https:\/\/sgvaimudar.com.br\/index.php\/2024\/08\/27\/adele-afirma-que-tenta-vir-ao-brasil-ha-13-anos-prefeito-do-rio-de-janeiro-se-manifesta\/","title":{"rendered":"Adele afirma que tenta vir ao Brasil h\u00e1 13 anos; prefeito do Rio de Janeiro se manifesta"},"content":{"rendered":"\n<p><em>&#8216;\u00danico lugar que quero ir&#8217;, disse a cantora, que nunca se apresentou no pa\u00eds<\/em><\/p>\n\n\n\n<p>A cantora Adele revelou que tenta vir ao Brasil h\u00e1 13 anos. Durante um show em Munique, na Alemanha, a cantora contou que tem muita vontade de se apresentar no pa\u00eds. A revela\u00e7\u00e3o aconteceu em meio a uma intera\u00e7\u00e3o com um f\u00e3 brasileiro no palco. O homem pediu para que a artista visitasse o Brasil.<\/p>\n\n\n\n<p>&#8216;Come to Brazil&#8217; \u00e9 o que eu ou\u00e7o todos os dias. Estou dando o meu melhor. Tento ir ao Brasil h\u00e1 uns 13 anos, mas n\u00e3o vou enganar voc\u00eas: a log\u00edstica disso tudo \u00e9 dif\u00edcil. Mas saibam que \u00e9 o \u00fanico lugar que quero ir atualmente, \u00fanico lugar que ainda n\u00e3o fui e quero ir&#8221;, disse ela no palco.<\/p>\n\n\n\n<p>Vale lembrar que Adele nunca se apresentou no Brasil.<\/p>\n\n\n\n<h3 class=\"wp-block-heading\">Prefeito se manifesta<\/h3>\n\n\n\n<p>Ap\u00f3s o v\u00eddeo de Adele viralizar nas redes sociais, o prefeito do Rio de Janeiro, Eduardo Paes, usou o perfil do Twitter para se manifestar.<\/p>\n\n\n\n<p>Na grava\u00e7\u00e3o, a cantora declara que a log\u00edstica para se apresentar no pa\u00eds \u00e9 dif\u00edcil e que tenta h\u00e1 13 anos.<\/p>\n\n\n\n<p>&#8220;Ser\u00e1?&#8221;, questionou o prefeito, deixando os f\u00e3s da artista animados com a manifesta\u00e7\u00e3o.<\/p>\n\n\n\n<figure class=\"wp-block-embed is-type-rich is-provider-twitter wp-block-embed-twitter\"><div class=\"wp-block-embed__wrapper\">\n<blockquote class=\"twitter-tweet\" data-width=\"550\" data-dnt=\"true\"><p lang=\"pt\" dir=\"ltr\">Ser\u00e1?  \ud83d\ude44\ud83d\ude44\ud83d\ude44\ud83d\ude44 <a href=\"https:\/\/t.co\/JE3qhU5Cez\">https:\/\/t.co\/JE3qhU5Cez<\/a><\/p>&mdash; Eduardo Paes (@eduardopaes) <a href=\"https:\/\/twitter.com\/eduardopaes\/status\/1828112779422601632?ref_src=twsrc%5Etfw\">August 26, 2024<\/a><\/blockquote><script async src=\"https:\/\/platform.twitter.com\/widgets.js\" charset=\"utf-8\"><\/script>\n<\/div><\/figure>\n\n\n\n<p><em>Fonte: IG GENTE<\/em><\/p>\n\n\n\n<p><strong><em><sup>S\u00e3o Gon\u00e7alo Vai Mudar. O Maior Portal da Cidade.<\/sup><\/em><\/strong><\/p>\n\n\n\n<figure class=\"wp-block-image size-full\"><img decoding=\"async\" width=\"251\" height=\"88\" src=\"https:\/\/sgvaimudar.com.br\/wp-content\/uploads\/2023\/08\/Logo.png\" alt=\"\" class=\"wp-image-2738\" \/><\/figure>\n","protected":false},"excerpt":{"rendered":"<p>&#8216;\u00danico lugar que quero ir&#8217;, disse a cantora, que nunca se apresentou no pa\u00eds A cantora Adele revelou que tenta&hellip;<\/p>\n","protected":false},"author":5,"featured_media":11127,"comment_status":"open","ping_status":"open","sticky":false,"template":"","format":"standard","meta":{"fifu_image_url":"","fifu_image_alt":"","footnotes":""},"categories":[6,1],"tags":[],"class_list":["post-11126","post","type-post","status-publish","format-standard","has-post-thumbnail","hentry","category-entretenimento","category-mundo"],"_links":{"self":[{"href":"https:\/\/sgvaimudar.com.br\/index.php\/wp-json\/wp\/v2\/posts\/11126","targetHints":{"allow":["GET"]}}],"collection":[{"href":"https:\/\/sgvaimudar.com.br\/index.php\/wp-json\/wp\/v2\/posts"}],"about":[{"href":"https:\/\/sgvaimudar.com.br\/index.php\/wp-json\/wp\/v2\/types\/post"}],"author":[{"embeddable":true,"href":"https:\/\/sgvaimudar.com.br\/index.php\/wp-json\/wp\/v2\/users\/5"}],"replies":[{"embeddable":true,"href":"https:\/\/sgvaimudar.com.br\/index.php\/wp-json\/wp\/v2\/comments?post=11126"}],"version-history":[{"count":2,"href":"https:\/\/sgvaimudar.com.br\/index.php\/wp-json\/wp\/v2\/posts\/11126\/revisions"}],"predecessor-version":[{"id":11130,"href":"https:\/\/sgvaimudar.com.br\/index.php\/wp-json\/wp\/v2\/posts\/11126\/revisions\/11130"}],"wp:featuredmedia":[{"embeddable":true,"href":"https:\/\/sgvaimudar.com.br\/index.php\/wp-json\/wp\/v2\/media\/11127"}],"wp:attachment":[{"href":"https:\/\/sgvaimudar.com.br\/index.php\/wp-json\/wp\/v2\/media?parent=11126"}],"wp:term":[{"taxonomy":"category","embeddable":true,"href":"https:\/\/sgvaimudar.com.br\/index.php\/wp-json\/wp\/v2\/categories?post=11126"},{"taxonomy":"post_tag","embeddable":true,"href":"https:\/\/sgvaimudar.com.br\/index.php\/wp-json\/wp\/v2\/tags?post=11126"}],"curies":[{"name":"wp","href":"https:\/\/api.w.org\/{rel}","templated":true}]}}