{"id":11042,"date":"2024-08-26T09:23:41","date_gmt":"2024-08-26T12:23:41","guid":{"rendered":"https:\/\/sgvaimudar.com.br\/?p=11042"},"modified":"2024-08-26T09:23:41","modified_gmt":"2024-08-26T12:23:41","slug":"pm-morre-em-grave-acidente-entre-carro-e-onibus-na-rj-116-com-video","status":"publish","type":"post","link":"https:\/\/sgvaimudar.com.br\/index.php\/2024\/08\/26\/pm-morre-em-grave-acidente-entre-carro-e-onibus-na-rj-116-com-video\/","title":{"rendered":"PM morre em grave acidente entre carro e \u00f4nibus na RJ-116; com v\u00eddeo"},"content":{"rendered":"\n<p><em>O acidente aconteceu na altura de Miracema, no Norte Fluminense. Caio Cesar Tofano e Silva era lotado no 36\u00ba BPM (Santo Ant\u00f4nio de P\u00e1dua)<\/em><\/p>\n\n\n\n<p><span style=\"font-family: inherit;font-size: inherit;font-style: inherit;font-weight: inherit;letter-spacing: var(--g-fnt-ls-230)\">Um policial militar morreu ap\u00f3s um grave acidente na RJ-116. Caio Cesar Tofano e Silva estava em um carro que bateu de frente com um \u00f4nibus.\u00a0O acidente aconteceu na altura de Miracema, no Norte Fluminense. Caio Cesar era lotado no 36\u00ba BPM (Santo Ant\u00f4nio de P\u00e1dua).<\/span><\/p>\n\n\n\n<figure class=\"wp-block-video\"><video height=\"1920\" style=\"aspect-ratio: 1080 \/ 1920;\" width=\"1080\" controls src=\"https:\/\/sgvaimudar.com.br\/wp-content\/uploads\/2024\/08\/Snapinsta.app_video_An9FUScguz19-vf45DLLA1vi2AHfgzm2DNQ095YearVEwm4DBQAtkOFrdDRAl423O1KW25Nkl_GUhJhudoRsqvVy.mp4\"><\/video><\/figure>\n\n\n\n<p>O acidente envolveu um \u00f4nibus da empresa Brasil, que seguia em dire\u00e7\u00e3o ao munic\u00edpio de Campos dos Goytacazes, e um carro de passeio. Infelizmente, o condutor do ve\u00edculo, Sargento Caio Cesar, morreu no local. Ele era morador de Miracema.<\/p>\n\n\n\n<p>De acordo com as informa\u00e7\u00f5es, nenhum passageiro do \u00f4nibus ficou ferido. No entanto, o motorista, abalado pelo ocorrido, passou mal e precisou ser socorrido para o Pronto Socorro, onde recebeu atendimento m\u00e9dico.<\/p>\n\n\n\n<p>Na pequena e pacata cidade de Miracema a trag\u00e9dia virou o assunto mais comentado. &#8220;Estava dentro do \u00f4nibus indo trabalhar, gra\u00e7as a Deus estou bem motorista tentou evitar mas n\u00e3o teve jeito. Que Deus conforte a fam\u00edlia da v\u00edtima&#8221;, disse o passageiro Guilherme Moreira.<\/p>\n\n\n\n<p><strong><em><sup>S\u00e3o Gon\u00e7alo Vai Mudar. O Maior Portal da Cidade.<\/sup><\/em><\/strong><\/p>\n\n\n\n<figure class=\"wp-block-image size-large\"><img fetchpriority=\"high\" decoding=\"async\" width=\"1024\" height=\"378\" src=\"https:\/\/sgvaimudar.com.br\/wp-content\/uploads\/2023\/08\/cropped-Logo-Provisoria-2-1-1024x378.png\" alt=\"\" class=\"wp-image-2780\" srcset=\"https:\/\/sgvaimudar.com.br\/wp-content\/uploads\/2023\/08\/cropped-Logo-Provisoria-2-1-1024x378.png 1024w, https:\/\/sgvaimudar.com.br\/wp-content\/uploads\/2023\/08\/cropped-Logo-Provisoria-2-1-300x111.png 300w, https:\/\/sgvaimudar.com.br\/wp-content\/uploads\/2023\/08\/cropped-Logo-Provisoria-2-1-768x284.png 768w, https:\/\/sgvaimudar.com.br\/wp-content\/uploads\/2023\/08\/cropped-Logo-Provisoria-2-1.png 1386w\" sizes=\"(max-width: 1024px) 100vw, 1024px\" \/><\/figure>\n","protected":false},"excerpt":{"rendered":"<p>O acidente aconteceu na altura de Miracema, no Norte Fluminense. Caio Cesar Tofano e Silva era lotado no 36\u00ba BPM&hellip;<\/p>\n","protected":false},"author":5,"featured_media":11045,"comment_status":"open","ping_status":"open","sticky":false,"template":"","format":"standard","meta":{"fifu_image_url":"","fifu_image_alt":"","footnotes":""},"categories":[32],"tags":[],"class_list":["post-11042","post","type-post","status-publish","format-standard","has-post-thumbnail","hentry","category-casos-de-policia"],"_links":{"self":[{"href":"https:\/\/sgvaimudar.com.br\/index.php\/wp-json\/wp\/v2\/posts\/11042","targetHints":{"allow":["GET"]}}],"collection":[{"href":"https:\/\/sgvaimudar.com.br\/index.php\/wp-json\/wp\/v2\/posts"}],"about":[{"href":"https:\/\/sgvaimudar.com.br\/index.php\/wp-json\/wp\/v2\/types\/post"}],"author":[{"embeddable":true,"href":"https:\/\/sgvaimudar.com.br\/index.php\/wp-json\/wp\/v2\/users\/5"}],"replies":[{"embeddable":true,"href":"https:\/\/sgvaimudar.com.br\/index.php\/wp-json\/wp\/v2\/comments?post=11042"}],"version-history":[{"count":1,"href":"https:\/\/sgvaimudar.com.br\/index.php\/wp-json\/wp\/v2\/posts\/11042\/revisions"}],"predecessor-version":[{"id":11046,"href":"https:\/\/sgvaimudar.com.br\/index.php\/wp-json\/wp\/v2\/posts\/11042\/revisions\/11046"}],"wp:featuredmedia":[{"embeddable":true,"href":"https:\/\/sgvaimudar.com.br\/index.php\/wp-json\/wp\/v2\/media\/11045"}],"wp:attachment":[{"href":"https:\/\/sgvaimudar.com.br\/index.php\/wp-json\/wp\/v2\/media?parent=11042"}],"wp:term":[{"taxonomy":"category","embeddable":true,"href":"https:\/\/sgvaimudar.com.br\/index.php\/wp-json\/wp\/v2\/categories?post=11042"},{"taxonomy":"post_tag","embeddable":true,"href":"https:\/\/sgvaimudar.com.br\/index.php\/wp-json\/wp\/v2\/tags?post=11042"}],"curies":[{"name":"wp","href":"https:\/\/api.w.org\/{rel}","templated":true}]}}