{"id":11025,"date":"2024-08-25T19:00:00","date_gmt":"2024-08-25T22:00:00","guid":{"rendered":"https:\/\/sgvaimudar.com.br\/?p=11025"},"modified":"2024-08-25T14:19:31","modified_gmt":"2024-08-25T17:19:31","slug":"flamengo-e-campeao-da-copa-intercontinental-sub-20","status":"publish","type":"post","link":"https:\/\/sgvaimudar.com.br\/index.php\/2024\/08\/25\/flamengo-e-campeao-da-copa-intercontinental-sub-20\/","title":{"rendered":"Flamengo \u00e9 campe\u00e3o da Copa Intercontinental Sub-20"},"content":{"rendered":"\n<p><em>T\u00edtulo veio com vit\u00f3ria de 2 a 1 sobre o Olympiacos no Maracan\u00e3<\/em><\/p>\n\n\n\n<p>Com uma vit\u00f3ria de 2 a 1 sobre o Olympiacos (Gr\u00e9cia), o Flamengo conquistou o t\u00edtulo da terceira edi\u00e7\u00e3o da Copa Intercontinental Sub-20, no \u00faltimo s\u00e1bado (24) no est\u00e1dio do Maracan\u00e3. O Rubro-Negro se credenciou para disputar a competi\u00e7\u00e3o ap\u00f3s garantir o t\u00edtulo da Copa Libertadores da categoria, com uma vit\u00f3ria sobre o Boca Juniors (Argentina).<\/p>\n\n\n\n<figure class=\"wp-block-embed is-type-rich is-provider-twitter wp-block-embed-twitter\"><div class=\"wp-block-embed__wrapper\">\n<blockquote class=\"twitter-tweet\" data-width=\"550\" data-dnt=\"true\"><p lang=\"pt\" dir=\"ltr\">CAMPE\u00c3O MUNDIAL SUB-20! \ud83c\udfc6\u2764\ufe0f\ud83d\udda4<a href=\"https:\/\/twitter.com\/hashtag\/GarotosDoNinho?src=hash&amp;ref_src=twsrc%5Etfw\">#GarotosDoNinho<\/a> <br><br>\ud83d\udcf8 Marcelo Cortes e Gilvan de Souza \/ CRF <a href=\"https:\/\/t.co\/HknoneyvjR\">pic.twitter.com\/HknoneyvjR<\/a><\/p>&mdash; Flamengo (@Flamengo) <a href=\"https:\/\/twitter.com\/Flamengo\/status\/1827489368354730436?ref_src=twsrc%5Etfw\">August 24, 2024<\/a><\/blockquote><script async src=\"https:\/\/platform.twitter.com\/widgets.js\" charset=\"utf-8\"><\/script>\n<\/div><\/figure>\n\n\n\n<p>Apesar de o time comandado pelo ex-jogador Filipe Lu\u00eds garantir a vit\u00f3ria final, foram os gregos que abriram o marcador, com Liatsikouras aos oito minutos do segundo tempo ap\u00f3s bate-rebate dentro da \u00e1rea.<\/p>\n\n\n\n<p>Por\u00e9m, empurrado por mais de 31 mil pessoas, o Flamengo partiu com tudo para o ataque e conseguiu igualar o marcador aos 27 minutos, quando Caio Garcia aproveitou rebote dado pelo goleiro advers\u00e1rio ap\u00f3s chute de Wallace Yan para completar para as redes. A partir da\u00ed o Rubro-Negro assumiu o controle do confronto e chegou ao gol do t\u00edtulo j\u00e1 nos acr\u00e9scimos, com Felipe Teresa.<\/p>\n\n\n\n<p><strong>S\u00e3o Gon\u00e7alo Vai Mudar. O Maior Portal da Cidade.<\/strong><\/p>\n\n\n\n<figure class=\"wp-block-image size-full\"><img decoding=\"async\" width=\"251\" height=\"88\" src=\"https:\/\/sgvaimudar.com.br\/wp-content\/uploads\/2023\/08\/Logo.png\" alt=\"\" class=\"wp-image-2738\" \/><\/figure>\n\n\n\n<figure class=\"wp-block-image\"><img decoding=\"async\" src=\"https:\/\/agenciabrasil.ebc.com.br\/ebc.png?id=1609254&amp;o=node\" alt=\"\" \/><\/figure>\n","protected":false},"excerpt":{"rendered":"<p>T\u00edtulo veio com vit\u00f3ria de 2 a 1 sobre o Olympiacos no Maracan\u00e3 Com uma vit\u00f3ria de 2 a 1&hellip;<\/p>\n","protected":false},"author":5,"featured_media":11026,"comment_status":"open","ping_status":"open","sticky":false,"template":"","format":"standard","meta":{"fifu_image_url":"","fifu_image_alt":"","footnotes":""},"categories":[5],"tags":[],"class_list":["post-11025","post","type-post","status-publish","format-standard","has-post-thumbnail","hentry","category-esportes"],"_links":{"self":[{"href":"https:\/\/sgvaimudar.com.br\/index.php\/wp-json\/wp\/v2\/posts\/11025","targetHints":{"allow":["GET"]}}],"collection":[{"href":"https:\/\/sgvaimudar.com.br\/index.php\/wp-json\/wp\/v2\/posts"}],"about":[{"href":"https:\/\/sgvaimudar.com.br\/index.php\/wp-json\/wp\/v2\/types\/post"}],"author":[{"embeddable":true,"href":"https:\/\/sgvaimudar.com.br\/index.php\/wp-json\/wp\/v2\/users\/5"}],"replies":[{"embeddable":true,"href":"https:\/\/sgvaimudar.com.br\/index.php\/wp-json\/wp\/v2\/comments?post=11025"}],"version-history":[{"count":1,"href":"https:\/\/sgvaimudar.com.br\/index.php\/wp-json\/wp\/v2\/posts\/11025\/revisions"}],"predecessor-version":[{"id":11027,"href":"https:\/\/sgvaimudar.com.br\/index.php\/wp-json\/wp\/v2\/posts\/11025\/revisions\/11027"}],"wp:featuredmedia":[{"embeddable":true,"href":"https:\/\/sgvaimudar.com.br\/index.php\/wp-json\/wp\/v2\/media\/11026"}],"wp:attachment":[{"href":"https:\/\/sgvaimudar.com.br\/index.php\/wp-json\/wp\/v2\/media?parent=11025"}],"wp:term":[{"taxonomy":"category","embeddable":true,"href":"https:\/\/sgvaimudar.com.br\/index.php\/wp-json\/wp\/v2\/categories?post=11025"},{"taxonomy":"post_tag","embeddable":true,"href":"https:\/\/sgvaimudar.com.br\/index.php\/wp-json\/wp\/v2\/tags?post=11025"}],"curies":[{"name":"wp","href":"https:\/\/api.w.org\/{rel}","templated":true}]}}