{"id":10994,"date":"2024-08-25T09:00:00","date_gmt":"2024-08-25T12:00:00","guid":{"rendered":"https:\/\/sgvaimudar.com.br\/?p=10994"},"modified":"2024-08-25T17:42:32","modified_gmt":"2024-08-25T20:42:32","slug":"policias-civil-e-militar-prendem-lider-de-milicia-de-sepetiba-videos","status":"publish","type":"post","link":"https:\/\/sgvaimudar.com.br\/index.php\/2024\/08\/25\/policias-civil-e-militar-prendem-lider-de-milicia-de-sepetiba-videos\/","title":{"rendered":"Pol\u00edcias Civil e Militar prendem l\u00edder de mil\u00edcia de Sepetiba; v\u00eddeos"},"content":{"rendered":"\n<p>Uma a\u00e7\u00e3o conjunta das pol\u00edcias Civil e Militar resultou na pris\u00e3o do homem apontado como l\u00edder da mil\u00edcia de Sepetiba, nesta sexta-feira (23\/08). A a\u00e7\u00e3o ocorreu na comunidade do Rola, em Santa Cruz, Zona Oeste do Rio. Um seguran\u00e7a do criminoso tamb\u00e9m foi capturado.<\/p>\n\n\n\n<figure class=\"wp-block-video\"><video height=\"720\" style=\"aspect-ratio: 1280 \/ 720;\" width=\"1280\" controls src=\"https:\/\/sgvaimudar.com.br\/wp-content\/uploads\/2024\/08\/WhatsApp-Video-2024-08-24-at-11.26.35.mp4\"><\/video><\/figure>\n\n\n\n<p>A a\u00e7\u00e3o contou com a participa\u00e7\u00e3o de agentes da Delegacia de Repress\u00e3o \u00e0s A\u00e7\u00f5es Criminosas Organizadas e Inqu\u00e9ritos Especiais (Draco), da Delegacia de Repress\u00e3o a Entorpecentes (DRE), da Delegacia de Roubos e Furtos de Autom\u00f3veis (DRFA) e do Grupamento Aerom\u00f3vel (GAM). O trabalho foi coordenado com base em informa\u00e7\u00f5es das subsecretarias de Intelig\u00eancia das pol\u00edcias Civil e Militar.<\/p>\n\n\n\n<figure class=\"wp-block-video\"><video height=\"720\" style=\"aspect-ratio: 1280 \/ 720;\" width=\"1280\" controls src=\"https:\/\/sgvaimudar.com.br\/wp-content\/uploads\/2024\/08\/WhatsApp-Video-2024-08-24-at-11.26.36.mp4\"><\/video><\/figure>\n\n\n\n<p>Durante a opera\u00e7\u00e3o, ambos foram encontrados portando pistolas. Al\u00e9m disso, foram apreendidos materiais de contabilidade da mil\u00edcia, roupas t\u00e1ticas e um ve\u00edculo adulterado e roubado. O l\u00edder miliciano possui sete anota\u00e7\u00f5es criminais por organiza\u00e7\u00e3o paramilitar ou mil\u00edcia privada, porte de arma de fogo e outros delitos.<\/p>\n\n\n\n<p><strong><em><sub>S\u00e3o Gon\u00e7alo Vai Mudar. O Maior Portal da Cidade.<\/sub><\/em><\/strong><\/p>\n\n\n\n<figure class=\"wp-block-image size-full\"><img decoding=\"async\" width=\"251\" height=\"88\" src=\"https:\/\/sgvaimudar.com.br\/wp-content\/uploads\/2023\/08\/Logo.png\" alt=\"\" class=\"wp-image-2738\" \/><\/figure>\n","protected":false},"excerpt":{"rendered":"<p>Uma a\u00e7\u00e3o conjunta das pol\u00edcias Civil e Militar resultou na pris\u00e3o do homem apontado como l\u00edder da mil\u00edcia de Sepetiba,&hellip;<\/p>\n","protected":false},"author":5,"featured_media":11031,"comment_status":"open","ping_status":"open","sticky":false,"template":"","format":"standard","meta":{"fifu_image_url":"","fifu_image_alt":"","footnotes":""},"categories":[32],"tags":[],"class_list":["post-10994","post","type-post","status-publish","format-standard","has-post-thumbnail","hentry","category-casos-de-policia"],"_links":{"self":[{"href":"https:\/\/sgvaimudar.com.br\/index.php\/wp-json\/wp\/v2\/posts\/10994","targetHints":{"allow":["GET"]}}],"collection":[{"href":"https:\/\/sgvaimudar.com.br\/index.php\/wp-json\/wp\/v2\/posts"}],"about":[{"href":"https:\/\/sgvaimudar.com.br\/index.php\/wp-json\/wp\/v2\/types\/post"}],"author":[{"embeddable":true,"href":"https:\/\/sgvaimudar.com.br\/index.php\/wp-json\/wp\/v2\/users\/5"}],"replies":[{"embeddable":true,"href":"https:\/\/sgvaimudar.com.br\/index.php\/wp-json\/wp\/v2\/comments?post=10994"}],"version-history":[{"count":2,"href":"https:\/\/sgvaimudar.com.br\/index.php\/wp-json\/wp\/v2\/posts\/10994\/revisions"}],"predecessor-version":[{"id":10999,"href":"https:\/\/sgvaimudar.com.br\/index.php\/wp-json\/wp\/v2\/posts\/10994\/revisions\/10999"}],"wp:featuredmedia":[{"embeddable":true,"href":"https:\/\/sgvaimudar.com.br\/index.php\/wp-json\/wp\/v2\/media\/11031"}],"wp:attachment":[{"href":"https:\/\/sgvaimudar.com.br\/index.php\/wp-json\/wp\/v2\/media?parent=10994"}],"wp:term":[{"taxonomy":"category","embeddable":true,"href":"https:\/\/sgvaimudar.com.br\/index.php\/wp-json\/wp\/v2\/categories?post=10994"},{"taxonomy":"post_tag","embeddable":true,"href":"https:\/\/sgvaimudar.com.br\/index.php\/wp-json\/wp\/v2\/tags?post=10994"}],"curies":[{"name":"wp","href":"https:\/\/api.w.org\/{rel}","templated":true}]}}