{"id":10991,"date":"2024-08-25T08:00:00","date_gmt":"2024-08-25T11:00:00","guid":{"rendered":"https:\/\/sgvaimudar.com.br\/?p=10991"},"modified":"2024-08-25T03:18:47","modified_gmt":"2024-08-25T06:18:47","slug":"fluminense-bate-o-atletico-mg-no-mineirao-e-dorme-fora-do-z-4","status":"publish","type":"post","link":"https:\/\/sgvaimudar.com.br\/index.php\/2024\/08\/25\/fluminense-bate-o-atletico-mg-no-mineirao-e-dorme-fora-do-z-4\/","title":{"rendered":"Fluminense bate o Atl\u00e9tico-MG no Mineir\u00e3o e dorme fora do Z-4"},"content":{"rendered":"\n<p><em>Serna e Arias marcaram para o tricolor carioca<\/em><\/p>\n\n\n\n<p>Ao jogar compactado e aproveitar os contragolpes, o Fluminense bateu o Atl\u00e9tico-MG por 2 a 0 na noite deste s\u00e1bado, 24, no Mineir\u00e3o, e deixou de forma provis\u00f3ria a zona de rebaixamento do Brasileir\u00e3o. Serna, ainda no primeiro tempo, e Arias marcaram para o tricolor carioca.<\/p>\n\n\n\n<p>Com o resultado, a equipe do t\u00e9cnico Mano Menezes chegou aos 24 pontos, dois a mais do que o Vit\u00f3ria, que abre o Z-4 e joga neste domingo com o S\u00e3o Paulo. J\u00e1 o Atl\u00e9tico estacionou nos 30 pontos e pode cair para o nono lugar ao t\u00e9rmino da rodada.<\/p>\n\n\n\n<p>Ao atuar com o apoio do torcedor, o Atl\u00e9tico tentou desde os primeiros minutos ditar o ritmo de jogo. O problema \u00e9 que Mano Menezes armou um Fluminense compacto defensivamente, com tr\u00eas zagueiros em linha e seis jogadores povoando o meio campo.<\/p>\n\n\n\n<p>Se em tese o esquema cauteloso parecia ser um ind\u00edcio de que o tricolor carioca jogaria para n\u00e3o perder, na pr\u00e1tica ele se mostrou mais efetivo do que o dos donos da casa. Isso porque o Fluminense impedia a progress\u00e3o atleticana &#8211; que no primeiro tempo se limitou a avan\u00e7os espor\u00e1dicos de Vargas &#8211; e, de quebra conseguia explorar os contragolpes.<\/p>\n\n\n\n<p>Foi num deles, aos 23, que Serna arrancou pela esquerda, deixou Battaglia sentado e chutou na sa\u00edda de Everson, abrindo o marcador.<\/p>\n\n\n\n<p>Com o placar adverso, Gabriel Milito voltou para a segunda etapa com altera\u00e7\u00f5es no Atl\u00e9tico. A principal delas foi a entrada de Paulinho no ataque na vaga do inoperante Cadu. A inten\u00e7\u00e3o por tr\u00e1s da mudan\u00e7a era oferecer um jogador com mais explos\u00e3o e velocidade.<\/p>\n\n\n\n<p>De fato, Paulinho deu um pouco mais de fluidez ao Atl\u00e9tico, mas nem por isso a situa\u00e7\u00e3o melhorou muito. O Fluminense seguiu marcando bem no meio campo, cadenciando o jogo com Paulo Henrique Ganso e apostando nos contra-ataques. E foi num deles, aos 13, que Arias ampliou para 2 a 0.<\/p>\n\n\n\n<p>A partir da\u00ed, o Atl\u00e9tico tentou ir para o abafa. Mas o Fluminense seguiu firme no seu prop\u00f3sito t\u00e1tico e, por pouco, n\u00e3o ampliou em novo contra-ataque de Arias &#8211; que s\u00f3 n\u00e3o tomou o rumo do gol porque Arana fez falta. Mas, \u00e0quela altura, o jogo j\u00e1 estava decidido.<\/p>\n\n\n\n<p><strong><em><sup>S\u00e3o Gon\u00e7alo Vai Mudar O Maior Portal da Cidade.<\/sup><\/em><\/strong><\/p>\n\n\n\n<figure class=\"wp-block-image size-full\"><img decoding=\"async\" width=\"251\" height=\"88\" src=\"https:\/\/sgvaimudar.com.br\/wp-content\/uploads\/2023\/08\/Logo.png\" alt=\"\" class=\"wp-image-2738\" \/><\/figure>\n","protected":false},"excerpt":{"rendered":"<p>Serna e Arias marcaram para o tricolor carioca Ao jogar compactado e aproveitar os contragolpes, o Fluminense bateu o Atl\u00e9tico-MG&hellip;<\/p>\n","protected":false},"author":5,"featured_media":10992,"comment_status":"open","ping_status":"open","sticky":false,"template":"","format":"standard","meta":{"fifu_image_url":"","fifu_image_alt":"","footnotes":""},"categories":[5],"tags":[],"class_list":["post-10991","post","type-post","status-publish","format-standard","has-post-thumbnail","hentry","category-esportes"],"_links":{"self":[{"href":"https:\/\/sgvaimudar.com.br\/index.php\/wp-json\/wp\/v2\/posts\/10991","targetHints":{"allow":["GET"]}}],"collection":[{"href":"https:\/\/sgvaimudar.com.br\/index.php\/wp-json\/wp\/v2\/posts"}],"about":[{"href":"https:\/\/sgvaimudar.com.br\/index.php\/wp-json\/wp\/v2\/types\/post"}],"author":[{"embeddable":true,"href":"https:\/\/sgvaimudar.com.br\/index.php\/wp-json\/wp\/v2\/users\/5"}],"replies":[{"embeddable":true,"href":"https:\/\/sgvaimudar.com.br\/index.php\/wp-json\/wp\/v2\/comments?post=10991"}],"version-history":[{"count":1,"href":"https:\/\/sgvaimudar.com.br\/index.php\/wp-json\/wp\/v2\/posts\/10991\/revisions"}],"predecessor-version":[{"id":10993,"href":"https:\/\/sgvaimudar.com.br\/index.php\/wp-json\/wp\/v2\/posts\/10991\/revisions\/10993"}],"wp:featuredmedia":[{"embeddable":true,"href":"https:\/\/sgvaimudar.com.br\/index.php\/wp-json\/wp\/v2\/media\/10992"}],"wp:attachment":[{"href":"https:\/\/sgvaimudar.com.br\/index.php\/wp-json\/wp\/v2\/media?parent=10991"}],"wp:term":[{"taxonomy":"category","embeddable":true,"href":"https:\/\/sgvaimudar.com.br\/index.php\/wp-json\/wp\/v2\/categories?post=10991"},{"taxonomy":"post_tag","embeddable":true,"href":"https:\/\/sgvaimudar.com.br\/index.php\/wp-json\/wp\/v2\/tags?post=10991"}],"curies":[{"name":"wp","href":"https:\/\/api.w.org\/{rel}","templated":true}]}}