{"id":10883,"date":"2024-08-22T06:58:01","date_gmt":"2024-08-22T09:58:01","guid":{"rendered":"https:\/\/sgvaimudar.com.br\/?p=10883"},"modified":"2024-08-22T07:00:59","modified_gmt":"2024-08-22T10:00:59","slug":"preso-em-sao-goncalo-acusado-de-matar-homem-em-bar-de-itaborai","status":"publish","type":"post","link":"https:\/\/sgvaimudar.com.br\/index.php\/2024\/08\/22\/preso-em-sao-goncalo-acusado-de-matar-homem-em-bar-de-itaborai\/","title":{"rendered":"Preso em S\u00e3o Gon\u00e7alo acusado de matar homem em bar de Itabora\u00ed"},"content":{"rendered":"\n<p><em>Jos\u00e9 Carlos estava foragido desde 2021 depois de matar Samuel Rosa ap\u00f3s uma discuss\u00e3o<\/em><\/p>\n\n\n\n<p>Os policiais civis da DHNSG, sob a coordena\u00e7\u00e3o do delegado Titular Willians Batista, cumpriram, nesta quarta-feira (21), um mandado de pris\u00e3o preventiva expedido pela 1\u00aa Vara Criminal, Comarca de Itabora\u00ed, e prenderam Jos\u00e9 Carlos de Lima, vulgo &#8220;Baiano&#8221;.<\/p>\n\n\n\n<figure class=\"wp-block-video\"><video height=\"848\" style=\"aspect-ratio: 480 \/ 848;\" width=\"480\" controls src=\"https:\/\/sgvaimudar.com.br\/wp-content\/uploads\/2024\/08\/WhatsApp-Video-2024-08-21-at-14.16.38.mp4\"><\/video><\/figure>\n\n\n\n<p>Segundo a ocorr\u00eancia, Jos\u00e9 Carlos foi preso pela pr\u00e1tica do crime de homic\u00eddio provocado por arma de fogo, ocorrido no ano de 2021 no interior de um um bar no bairro Picos em Itabora\u00ed.<\/p>\n\n\n\n<p>O crime foi motivado por uma discuss\u00e3o entre Jos\u00e9 Carlos e a v\u00edtima Samuel da Rosa Prata.<\/p>\n\n\n\n<figure class=\"wp-block-video\"><video controls src=\"https:\/\/sgvaimudar.com.br\/512d676f-328d-4650-a0a6-e9a091d78119\"><\/video><\/figure>\n\n\n\n<p>O foragido foi encontrado, ap\u00f3s an\u00e1lise de intelig\u00eancia, no bairro Coluband\u00ea, no munic\u00edpio de S\u00e3o Gon\u00e7alo. Ap\u00f3s cumprimento das formalidades legais, o preso ser\u00e1 encaminhada ao sistema prisional, onde ficar\u00e1 \u00e0 disposi\u00e7\u00e3o da justi\u00e7a.<\/p>\n\n\n\n<p><strong><em><sup>S\u00e3o Gon\u00e7alo Vai Mudar. O Maior Portal da Cidade.<\/sup><\/em><\/strong><\/p>\n\n\n\n<figure class=\"wp-block-image size-large\"><img fetchpriority=\"high\" decoding=\"async\" width=\"1024\" height=\"321\" src=\"https:\/\/sgvaimudar.com.br\/wp-content\/uploads\/2023\/08\/Logo-Provisoria-2-1024x321.png\" alt=\"\" class=\"wp-image-2777\" srcset=\"https:\/\/sgvaimudar.com.br\/wp-content\/uploads\/2023\/08\/Logo-Provisoria-2-1024x321.png 1024w, https:\/\/sgvaimudar.com.br\/wp-content\/uploads\/2023\/08\/Logo-Provisoria-2-300x94.png 300w, https:\/\/sgvaimudar.com.br\/wp-content\/uploads\/2023\/08\/Logo-Provisoria-2-768x241.png 768w, https:\/\/sgvaimudar.com.br\/wp-content\/uploads\/2023\/08\/Logo-Provisoria-2-1536x482.png 1536w, https:\/\/sgvaimudar.com.br\/wp-content\/uploads\/2023\/08\/Logo-Provisoria-2-2048x642.png 2048w\" sizes=\"(max-width: 1024px) 100vw, 1024px\" \/><\/figure>\n","protected":false},"excerpt":{"rendered":"<p>Jos\u00e9 Carlos estava foragido desde 2021 depois de matar Samuel Rosa ap\u00f3s uma discuss\u00e3o Os policiais civis da DHNSG, sob&hellip;<\/p>\n","protected":false},"author":5,"featured_media":10884,"comment_status":"open","ping_status":"open","sticky":false,"template":"","format":"standard","meta":{"fifu_image_url":"","fifu_image_alt":"","footnotes":""},"categories":[32],"tags":[],"class_list":["post-10883","post","type-post","status-publish","format-standard","has-post-thumbnail","hentry","category-casos-de-policia"],"_links":{"self":[{"href":"https:\/\/sgvaimudar.com.br\/index.php\/wp-json\/wp\/v2\/posts\/10883","targetHints":{"allow":["GET"]}}],"collection":[{"href":"https:\/\/sgvaimudar.com.br\/index.php\/wp-json\/wp\/v2\/posts"}],"about":[{"href":"https:\/\/sgvaimudar.com.br\/index.php\/wp-json\/wp\/v2\/types\/post"}],"author":[{"embeddable":true,"href":"https:\/\/sgvaimudar.com.br\/index.php\/wp-json\/wp\/v2\/users\/5"}],"replies":[{"embeddable":true,"href":"https:\/\/sgvaimudar.com.br\/index.php\/wp-json\/wp\/v2\/comments?post=10883"}],"version-history":[{"count":2,"href":"https:\/\/sgvaimudar.com.br\/index.php\/wp-json\/wp\/v2\/posts\/10883\/revisions"}],"predecessor-version":[{"id":10888,"href":"https:\/\/sgvaimudar.com.br\/index.php\/wp-json\/wp\/v2\/posts\/10883\/revisions\/10888"}],"wp:featuredmedia":[{"embeddable":true,"href":"https:\/\/sgvaimudar.com.br\/index.php\/wp-json\/wp\/v2\/media\/10884"}],"wp:attachment":[{"href":"https:\/\/sgvaimudar.com.br\/index.php\/wp-json\/wp\/v2\/media?parent=10883"}],"wp:term":[{"taxonomy":"category","embeddable":true,"href":"https:\/\/sgvaimudar.com.br\/index.php\/wp-json\/wp\/v2\/categories?post=10883"},{"taxonomy":"post_tag","embeddable":true,"href":"https:\/\/sgvaimudar.com.br\/index.php\/wp-json\/wp\/v2\/tags?post=10883"}],"curies":[{"name":"wp","href":"https:\/\/api.w.org\/{rel}","templated":true}]}}