{"id":10861,"date":"2024-08-21T11:00:00","date_gmt":"2024-08-21T14:00:00","guid":{"rendered":"https:\/\/sgvaimudar.com.br\/?p=10861"},"modified":"2024-08-21T09:47:19","modified_gmt":"2024-08-21T12:47:19","slug":"empresario-morre-baleado-em-sao-goncalo-familia-diz-que-pms-foram-logo-atirando-depois-que-ele-errou-o-caminho","status":"publish","type":"post","link":"https:\/\/sgvaimudar.com.br\/index.php\/2024\/08\/21\/empresario-morre-baleado-em-sao-goncalo-familia-diz-que-pms-foram-logo-atirando-depois-que-ele-errou-o-caminho\/","title":{"rendered":"Empres\u00e1rio morre baleado em S\u00e3o Gon\u00e7alo; fam\u00edlia diz que PMs foram logo atirando depois que ele errou o caminho"},"content":{"rendered":"\n<p>Um empres\u00e1rio morreu ap\u00f3s ser baleado em S\u00e3o Gon\u00e7alo.\u00a0A fam\u00edlia acusa policiais do 7\u00ba BPM (S\u00e3o Gon\u00e7alo) pelo disparo, durante uma abordagem. J\u00e1 a corpora\u00e7\u00e3o afirma ter havido um confronto.<\/p>\n\n\n\n<p>Rhuan Rodrigues Pereira, de 20 anos, tinha uma loja de roupa e era s\u00f3cio de um dep\u00f3sito de bebidas em S\u00e3o Gon\u00e7alo. O epis\u00f3dio foi na madrugada desta segunda-feira (19), e a morte foi declarada na manh\u00e3 desta ter\u00e7a (20).<\/p>\n\n\n\n<p>Segundo parentes, Rhuan passou o domingo (18)\u00a0comemorando o anivers\u00e1rio da m\u00e3e\u00a0e, por volta da meia-noite, saiu de carro com um primo para um bar. Atr\u00e1s deles vinham duas amigas de moto.<\/p>\n\n\n\n<p>Rhuan errou o caminho e fez uma bandalha em um dos acessos ao Complexo do Salgueiro. Nesse momento, PMs mandaram o carro parar. Segundo as testemunhas, por\u00e9m,\u00a0os militares atiraram antes que o jovem pudesse sair do ve\u00edculo.<\/p>\n\n\n\n<p>\u201cTinha um carro de pol\u00edcia totalmente apagado. Nem a sirene ligada, nada. Quando ele foi fazer a volta, ele foi abordado. A pol\u00edcia gritou para ele parar. Ele parou. E quando ele parou, ele foi alvejado\u201d, disse a m\u00e3e, Fernanda Rodrigues.<\/p>\n\n\n\n<p>\u201cN\u00e3o houve nada. N\u00e3o teve tiroteio nenhum. Se tivesse tiroteio, tinha que ter arma. N\u00e3o tem\u201d, declarou.<\/p>\n\n\n\n<p>Um dos PMs entrou no carro do jovem e o levou at\u00e9 o Pronto-Socorro Doutor Armando Gomes de S\u00e1 Couto. A m\u00e3e afirma que um militar ainda pediu desculpas ao primo pelo incidente.<\/p>\n\n\n\n<p>A Pol\u00edcia Militar afirmou que homens do 7\u00ba BPM abordaram um ve\u00edculo na Rua Heitor Rodrigues. <\/p>\n\n\n\n<p>\u201cDe acordo com o comando da unidade, a equipe policial solicitou a parada do ve\u00edculo, que parou no acesso \u00e0 comunidade do Salgueiro.\u00a0Criminosos, ao perceberem a abordagem, efetuaram disparos contra os policiais.\u00a0Houve confronto, e um homem, que estava no interior do ve\u00edculo, foi ferido e levado ao hospital. A ocorr\u00eancia foi encaminhada para a delegacia da regi\u00e3o\u201d, afirmou a PM no texto.<\/p>\n\n\n\n<p>A Pol\u00edcia Civil disse que o caso foi registrado na 72\u00aa DP (S\u00e3o Gon\u00e7alo). \u201cA investiga\u00e7\u00e3o est\u00e1 em andamento e dilig\u00eancias s\u00e3o realizadas para apurar os fatos\u201d.<\/p>\n\n\n\n<p><strong><em><sup>S\u00e3o Gon\u00e7alo Vai Mudar. O Maior Portal da Cidade.<\/sup><\/em><\/strong><\/p>\n\n\n\n<figure class=\"wp-block-image size-full\"><img decoding=\"async\" width=\"251\" height=\"88\" src=\"https:\/\/sgvaimudar.com.br\/wp-content\/uploads\/2023\/08\/Logo.png\" alt=\"\" class=\"wp-image-2738\" \/><\/figure>\n","protected":false},"excerpt":{"rendered":"<p>Um empres\u00e1rio morreu ap\u00f3s ser baleado em S\u00e3o Gon\u00e7alo.\u00a0A fam\u00edlia acusa policiais do 7\u00ba BPM (S\u00e3o Gon\u00e7alo) pelo disparo, durante&hellip;<\/p>\n","protected":false},"author":5,"featured_media":10862,"comment_status":"open","ping_status":"open","sticky":false,"template":"","format":"standard","meta":{"fifu_image_url":"","fifu_image_alt":"","footnotes":""},"categories":[32],"tags":[],"class_list":["post-10861","post","type-post","status-publish","format-standard","has-post-thumbnail","hentry","category-casos-de-policia"],"_links":{"self":[{"href":"https:\/\/sgvaimudar.com.br\/index.php\/wp-json\/wp\/v2\/posts\/10861","targetHints":{"allow":["GET"]}}],"collection":[{"href":"https:\/\/sgvaimudar.com.br\/index.php\/wp-json\/wp\/v2\/posts"}],"about":[{"href":"https:\/\/sgvaimudar.com.br\/index.php\/wp-json\/wp\/v2\/types\/post"}],"author":[{"embeddable":true,"href":"https:\/\/sgvaimudar.com.br\/index.php\/wp-json\/wp\/v2\/users\/5"}],"replies":[{"embeddable":true,"href":"https:\/\/sgvaimudar.com.br\/index.php\/wp-json\/wp\/v2\/comments?post=10861"}],"version-history":[{"count":1,"href":"https:\/\/sgvaimudar.com.br\/index.php\/wp-json\/wp\/v2\/posts\/10861\/revisions"}],"predecessor-version":[{"id":10863,"href":"https:\/\/sgvaimudar.com.br\/index.php\/wp-json\/wp\/v2\/posts\/10861\/revisions\/10863"}],"wp:featuredmedia":[{"embeddable":true,"href":"https:\/\/sgvaimudar.com.br\/index.php\/wp-json\/wp\/v2\/media\/10862"}],"wp:attachment":[{"href":"https:\/\/sgvaimudar.com.br\/index.php\/wp-json\/wp\/v2\/media?parent=10861"}],"wp:term":[{"taxonomy":"category","embeddable":true,"href":"https:\/\/sgvaimudar.com.br\/index.php\/wp-json\/wp\/v2\/categories?post=10861"},{"taxonomy":"post_tag","embeddable":true,"href":"https:\/\/sgvaimudar.com.br\/index.php\/wp-json\/wp\/v2\/tags?post=10861"}],"curies":[{"name":"wp","href":"https:\/\/api.w.org\/{rel}","templated":true}]}}