{"id":10830,"date":"2024-08-21T08:42:39","date_gmt":"2024-08-21T11:42:39","guid":{"rendered":"https:\/\/sgvaimudar.com.br\/?p=10830"},"modified":"2024-08-21T08:42:39","modified_gmt":"2024-08-21T11:42:39","slug":"secretaria-de-transportes-realiza-leilao-de-veiculos-em-setembro","status":"publish","type":"post","link":"https:\/\/sgvaimudar.com.br\/index.php\/2024\/08\/21\/secretaria-de-transportes-realiza-leilao-de-veiculos-em-setembro\/","title":{"rendered":"Secretaria de Transportes realiza leil\u00e3o de ve\u00edculos em setembro"},"content":{"rendered":"\n<p><em>Preg\u00e3o ocorrer\u00e1 de forma online<\/em><\/p>\n\n\n\n<p>A Secretaria de Transportes da Prefeitura de S\u00e3o Gon\u00e7alo informou que vai realizar, a partir das 10h da ter\u00e7a-feira, 3\/9, um leil\u00e3o virtual de ve\u00edculos apreendidos e removidos no munic\u00edpio. O preg\u00e3o eletr\u00f4nico acontecer\u00e1 de forma virtual, atrav\u00e9s do link\u00a0<a rel=\"noreferrer noopener\" href=\"https:\/\/click.cse360.com.br\/Click\/AddCampaignEmailClick\/96d39e54-ffcd-4a5b-2c7a-08dcbd4ede03\/https%253a%252f%252fwww.eblonline.com.br%252f\/ab15f8fa-85b2-46af-ac93-a83d37a01593\/gutoaguia@gmail.com\/False\" target=\"_blank\">https:\/\/www.eblonline.com.br\/<\/a>.<\/p>\n\n\n\n<p>Segundo a pasta, a visita\u00e7\u00e3o ao p\u00e1tio para inspe\u00e7\u00e3o visual dos ve\u00edculos pode ser feita at\u00e9 o dia 2 de setembro, no hor\u00e1rio das 9h \u00e0s 12h e das 14h \u00e0s 17h, de segunda a sexta-feira, e de 9h \u00e0s 12h, aos s\u00e1bados, na Rua Doutor Nilo Pe\u00e7anha, 246, Centro. N\u00e3o haver\u00e1 visita\u00e7\u00e3o aos domingos e feriados, bem como no dia da realiza\u00e7\u00e3o do leil\u00e3o.<\/p>\n\n\n\n<p>&#8220;Todos os ve\u00edculos leiloados s\u00e3o autom\u00f3veis que n\u00e3o foram reclamados por seus propriet\u00e1rios em um prazo de 60 dias a contar da data do recolhimento, conforme o artigo 328 do C\u00f3digo de Tr\u00e2nsito Brasileiro&#8221;, disse a Prefeitura na nota.<\/p>\n\n\n\n<p>Apenas poder\u00e3o participar do leil\u00e3o dos lotes, classificados como conservados, compradores residentes do Estado do Rio de Janeiro ou com declara\u00e7\u00e3o de resid\u00eancia no Estado, conforme disposto pelo Detran-RJ.<\/p>\n\n\n\n<p>O edital completo do leil\u00e3o pode ser conferido atrav\u00e9s dos links:<\/p>\n\n\n\n<p><a href=\"https:\/\/static.eblonline.com.br\/docs-leilao\/18c7f668-6b81-4d53-bf9e-0a263434b232.pdf\">https:\/\/static.eblonline.com.br\/docs-leilao\/18c7f668-6b81-4d53-bf9e-0a263434b232.pdf<\/a><\/p>\n\n\n\n<p><a href=\"https:\/\/www.pmsg.rj.gov.br\/wp-content\/uploads\/2024\/08\/EDITAL-DE-LEILAO-PSG06-24-PUBLICACAO.pdf\">https:\/\/www.pmsg.rj.gov.br\/wp-content\/uploads\/2024\/08\/EDITAL-DE-LEILAO-PSG06-24-PUBLICACAO.pdf<\/a>.<\/p>\n\n\n\n<p><strong><em>S\u00e3o Gon\u00e7alo Vai Mudar. O Maior Portal da Cidade.<\/em><\/strong><\/p>\n\n\n\n<figure class=\"wp-block-image size-full\"><img decoding=\"async\" width=\"251\" height=\"88\" src=\"https:\/\/sgvaimudar.com.br\/wp-content\/uploads\/2023\/08\/Logo.png\" alt=\"\" class=\"wp-image-2738\" \/><\/figure>\n","protected":false},"excerpt":{"rendered":"<p>Preg\u00e3o ocorrer\u00e1 de forma online A Secretaria de Transportes da Prefeitura de S\u00e3o Gon\u00e7alo informou que vai realizar, a partir&hellip;<\/p>\n","protected":false},"author":5,"featured_media":10831,"comment_status":"open","ping_status":"open","sticky":false,"template":"","format":"standard","meta":{"fifu_image_url":"","fifu_image_alt":"","footnotes":""},"categories":[3],"tags":[],"class_list":["post-10830","post","type-post","status-publish","format-standard","has-post-thumbnail","hentry","category-sao-goncalo"],"_links":{"self":[{"href":"https:\/\/sgvaimudar.com.br\/index.php\/wp-json\/wp\/v2\/posts\/10830","targetHints":{"allow":["GET"]}}],"collection":[{"href":"https:\/\/sgvaimudar.com.br\/index.php\/wp-json\/wp\/v2\/posts"}],"about":[{"href":"https:\/\/sgvaimudar.com.br\/index.php\/wp-json\/wp\/v2\/types\/post"}],"author":[{"embeddable":true,"href":"https:\/\/sgvaimudar.com.br\/index.php\/wp-json\/wp\/v2\/users\/5"}],"replies":[{"embeddable":true,"href":"https:\/\/sgvaimudar.com.br\/index.php\/wp-json\/wp\/v2\/comments?post=10830"}],"version-history":[{"count":1,"href":"https:\/\/sgvaimudar.com.br\/index.php\/wp-json\/wp\/v2\/posts\/10830\/revisions"}],"predecessor-version":[{"id":10832,"href":"https:\/\/sgvaimudar.com.br\/index.php\/wp-json\/wp\/v2\/posts\/10830\/revisions\/10832"}],"wp:featuredmedia":[{"embeddable":true,"href":"https:\/\/sgvaimudar.com.br\/index.php\/wp-json\/wp\/v2\/media\/10831"}],"wp:attachment":[{"href":"https:\/\/sgvaimudar.com.br\/index.php\/wp-json\/wp\/v2\/media?parent=10830"}],"wp:term":[{"taxonomy":"category","embeddable":true,"href":"https:\/\/sgvaimudar.com.br\/index.php\/wp-json\/wp\/v2\/categories?post=10830"},{"taxonomy":"post_tag","embeddable":true,"href":"https:\/\/sgvaimudar.com.br\/index.php\/wp-json\/wp\/v2\/tags?post=10830"}],"curies":[{"name":"wp","href":"https:\/\/api.w.org\/{rel}","templated":true}]}}