{"id":10813,"date":"2024-08-20T19:00:00","date_gmt":"2024-08-20T22:00:00","guid":{"rendered":"https:\/\/sgvaimudar.com.br\/?p=10813"},"modified":"2024-08-20T10:33:10","modified_gmt":"2024-08-20T13:33:10","slug":"espanhola-registrada-como-pessoa-mais-velha-do-mundo-morre-aos-117-anos","status":"publish","type":"post","link":"https:\/\/sgvaimudar.com.br\/index.php\/2024\/08\/20\/espanhola-registrada-como-pessoa-mais-velha-do-mundo-morre-aos-117-anos\/","title":{"rendered":"Espanhola registrada como pessoa mais velha do mundo morre aos 117 anos"},"content":{"rendered":"\n<p><em>Mar\u00eda Branyas Morera morreu enquanto dormia, segundo anunciou a fam\u00edlia nesta ter\u00e7a. Segundo Guinness e associa\u00e7\u00e3o da Universidade da Calif\u00f3rnia, ela era a pessoa mais velha do mundo desde o in\u00edcio de 2023<\/em><\/p>\n\n\n\n<p>A espanhola Mar\u00eda Branyas Morera, registrada como a pessoa mais velha do mundo, morreu aos 117 anos, informou a fam\u00edlia nesta ter\u00e7a-feira (20).<\/p>\n\n\n\n<p>A\u00a0espanhola era a pessoa mais velha do mundo havia um ano, segundo o Guinness, que registra recordes mundiais, e o Grupo de Pesquisa de Gerontologia (GRG, na sigla em ingl\u00eas), associa\u00e7\u00e3o baseada na Universidade da Calif\u00f3rnia.<\/p>\n\n\n\n<p>Mar\u00eda Branyas Morera nasceu em 4 de mar\u00e7o de 1907 na Calif\u00f3rnia, nos Estados Unidos. Mas sua fam\u00edlia, de espanh\u00f3is,\u00a0decidiu voltar para a Espanha oito anos depois. Desde ent\u00e3o, ela\u00a0vivia na regi\u00e3o da Catalunha, no noroeste do pa\u00eds europeu.<\/p>\n\n\n\n<p>Com\u00a0tr\u00eas filhos, 11 netos e 13 bisnetos,\u00a0a espanhola vivia atualmente em um asilo, mas era acompanhada de perto pela fam\u00edlia, que lhe ajudava a gerir suas\u00a0v\u00e1rias contas em redes sociais.<\/p>\n\n\n\n<p>Ao longo dos 117 anos de vida, ela\u00a0testemunhou diversas guerras\u00a0&#8212; uma delas em casa, a Guerra Civil Espanhola. Em 2020, durante a pandemia, chegou a ser infectada com Covid, poucos dias depois de completar 113 anos, mas se recuperou bem. Com isso, ela alcan\u00e7ou outro recorde: se tornou a pessoa mais velha a se recuperar do v\u00edrus.<\/p>\n\n\n\n<p>A espanhola, que perdeu a audi\u00e7\u00e3o total em um dos ouvidos e parcial em outro, havia se tornado a pessoa mais velha do mundo depois da morte da freira francesa irm\u00e3 Andr\u00e9, em 2023, aos 118 anos.<\/p>\n\n\n\n<p><em>Fonte: Ag\u00eancia Brasil<\/em><\/p>\n\n\n\n<p><strong><em><sub>S\u00e3o Gon\u00e7alo Vai Mudar. O Maior Portal da Cidade.<\/sub><\/em><\/strong><\/p>\n\n\n\n<figure class=\"wp-block-image size-full\"><img decoding=\"async\" width=\"251\" height=\"88\" src=\"https:\/\/sgvaimudar.com.br\/wp-content\/uploads\/2023\/08\/Logo.png\" alt=\"\" class=\"wp-image-2738\" \/><\/figure>\n","protected":false},"excerpt":{"rendered":"<p>Mar\u00eda Branyas Morera morreu enquanto dormia, segundo anunciou a fam\u00edlia nesta ter\u00e7a. Segundo Guinness e associa\u00e7\u00e3o da Universidade da Calif\u00f3rnia,&hellip;<\/p>\n","protected":false},"author":5,"featured_media":10814,"comment_status":"open","ping_status":"open","sticky":false,"template":"","format":"standard","meta":{"fifu_image_url":"","fifu_image_alt":"","footnotes":""},"categories":[1],"tags":[],"class_list":["post-10813","post","type-post","status-publish","format-standard","has-post-thumbnail","hentry","category-mundo"],"_links":{"self":[{"href":"https:\/\/sgvaimudar.com.br\/index.php\/wp-json\/wp\/v2\/posts\/10813","targetHints":{"allow":["GET"]}}],"collection":[{"href":"https:\/\/sgvaimudar.com.br\/index.php\/wp-json\/wp\/v2\/posts"}],"about":[{"href":"https:\/\/sgvaimudar.com.br\/index.php\/wp-json\/wp\/v2\/types\/post"}],"author":[{"embeddable":true,"href":"https:\/\/sgvaimudar.com.br\/index.php\/wp-json\/wp\/v2\/users\/5"}],"replies":[{"embeddable":true,"href":"https:\/\/sgvaimudar.com.br\/index.php\/wp-json\/wp\/v2\/comments?post=10813"}],"version-history":[{"count":1,"href":"https:\/\/sgvaimudar.com.br\/index.php\/wp-json\/wp\/v2\/posts\/10813\/revisions"}],"predecessor-version":[{"id":10815,"href":"https:\/\/sgvaimudar.com.br\/index.php\/wp-json\/wp\/v2\/posts\/10813\/revisions\/10815"}],"wp:featuredmedia":[{"embeddable":true,"href":"https:\/\/sgvaimudar.com.br\/index.php\/wp-json\/wp\/v2\/media\/10814"}],"wp:attachment":[{"href":"https:\/\/sgvaimudar.com.br\/index.php\/wp-json\/wp\/v2\/media?parent=10813"}],"wp:term":[{"taxonomy":"category","embeddable":true,"href":"https:\/\/sgvaimudar.com.br\/index.php\/wp-json\/wp\/v2\/categories?post=10813"},{"taxonomy":"post_tag","embeddable":true,"href":"https:\/\/sgvaimudar.com.br\/index.php\/wp-json\/wp\/v2\/tags?post=10813"}],"curies":[{"name":"wp","href":"https:\/\/api.w.org\/{rel}","templated":true}]}}