{"id":10810,"date":"2024-08-20T17:00:00","date_gmt":"2024-08-20T20:00:00","guid":{"rendered":"https:\/\/sgvaimudar.com.br\/?p=10810"},"modified":"2024-08-20T10:18:21","modified_gmt":"2024-08-20T13:18:21","slug":"rio-tem-semana-de-sol-e-tempo-so-muda-na-sexta-feira-a-noite","status":"publish","type":"post","link":"https:\/\/sgvaimudar.com.br\/index.php\/2024\/08\/20\/rio-tem-semana-de-sol-e-tempo-so-muda-na-sexta-feira-a-noite\/","title":{"rendered":"Rio tem semana de sol e tempo s\u00f3 muda na sexta-feira \u00e0 noite"},"content":{"rendered":"\n<p><em>Temperatura m\u00e1xima na segunda-feira (19) chegou aos 36,3 graus<\/em><\/p>\n\n\n\n<p>O calor que atinge o Rio nos \u00faltimos dias deve permanecer at\u00e9 o final da&nbsp;semana, quando a chegada de uma frente fria, na sexta-feira (23), mudar\u00e1 o tempo. De acordo com o Sistema Alerta Rio, a temperatura m\u00e1xima nessa segunda-feira (19) chegou aos 36,3\u00baCelsius (\u00baC) \u00e0s 14h45 e a m\u00ednima foi de&nbsp;15,3\u00baC&nbsp;no in\u00edcio da manh\u00e3,, \u00e0s 7h. O tempo quente na cidade deve-se \u00e0&nbsp;atua\u00e7\u00e3o de um sistema de alta press\u00e3o.&nbsp;<img decoding=\"async\" src=\"https:\/\/agenciabrasil.ebc.com.br\/ebc.png?id=1608495&amp;o=node\"><img decoding=\"async\" src=\"https:\/\/agenciabrasil.ebc.com.br\/ebc.gif?id=1608495&amp;o=node\"><\/p>\n\n\n\n<p>Para hoje&nbsp;(20) e quarta-feira&nbsp;(21), o tempo sofrer\u00e1 influ\u00eancia da chegada de ventos \u00famidos vindos&nbsp;do oceano. Desta forma, haver\u00e1 aumento gradativo de nebulosidade, sem previs\u00e3o de chuva. A temperatura m\u00e1xima ficar\u00e1 em torno dos 32\u00baC. Amanh\u00e3, a temperatura m\u00e1xima cair\u00e1 um pouco e ficar\u00e1 em torno dos 27\u00baC. Na quinta-feira (22) a temperatura voltar\u00e1 a subir. A previs\u00e3o \u00e9 de c\u00e9u parcialmente nublado a claro, sem previs\u00e3o de chuva. A m\u00e1xima chegar\u00e1 aos 34\u00baC.<\/p>\n\n\n\n<p>O tempo deve mudar na sexta-feira (23), influenciado pela aproxima\u00e7\u00e3o de uma frente fria no oceano. Mas, durante o dia, a m\u00e1xima atingir\u00e1 os 35\u00baC, com previs\u00e3o de ser o mais quente da semana. Haver\u00e1 aumento de nebulosidade a partir da noite, mas sem previs\u00e3o de chuva. Os ventos ser\u00e3o moderados, com rajadas fortes, quando a temperatura come\u00e7ar\u00e1 a cair.<\/p>\n\n\n\n<p>O Corpo de Bombeiros divulgou uma s\u00e9rie de orienta\u00e7\u00f5es de seguran\u00e7a, por causa do calor, e as medidas que os banhistas devem tomar.<\/p>\n\n\n\n<p>Eles devem procurar sempre locais pr\u00f3ximos de um posto de guarda-vidas e perguntar qual o local mais apropriado para o banho de mar, al\u00e9m de respeitar as bandeiras de sinaliza\u00e7\u00e3o.<\/p>\n\n\n\n<p>Os banhistas devem evitar a ingest\u00e3o de bebidas alco\u00f3licas antes de entrar no mar, al\u00e9m de entrar no mar logo ap\u00f3s se alimentar ou ap\u00f3s longa exposi\u00e7\u00e3o ao sol, sem antes adaptar seu organismo \u00e0 temperatura da \u00e1gua. N\u00e3o desviar a aten\u00e7\u00e3o, um s\u00f3 instante, das crian\u00e7as na praia. No mar, manter uma dist\u00e2ncia m\u00e1xima de um bra\u00e7o. Vale identific\u00e1-las com nome e telefone para contato.<\/p>\n\n\n\n<p>Se presenciar um afogamento, jamais tentar fazer o&nbsp;&nbsp;salvamento por conta pr\u00f3pria. Acionar os guarda-vidas ou ligar 193 imediatamente.<\/p>\n\n\n\n<h2 class=\"wp-block-heading\">Afogamentos<\/h2>\n\n\n\n<p>O Grupamento Mar\u00edtimo do Corpo de Bombeiros do Estado do Rio est\u00e1 tendo muito trabalho com\u00a0pessoas que entram no mar\u00a0mesmo com as bandeiras vermelhas\u00a0que indicam perigo. Com o veranico e o mar com muitas ondas e valas, somente neste domingo (18)\u00a0os guarda-vidas realizaram 1.141 salvamentos mar\u00edtimos em todo o estado. Desse total, 1.016 foram somente nas praias cariocas. N praia do Leme, na zona sul, foram registrados 304 resgates, alguns com apoio de motos aqu\u00e1ticas, quadriciclos e helic\u00f3pteros da corpora\u00e7\u00e3o. Em Copacabana, foram 207 pessoas salvas pelos guarda-vidas.<\/p>\n\n\n\n<p><strong><em><sup>S\u00e3o Gon\u00e7alo Vai Mudar. O Maior Portal da Cidade.<\/sup><\/em><\/strong><\/p>\n\n\n\n<figure class=\"wp-block-image size-full\"><img decoding=\"async\" width=\"251\" height=\"88\" src=\"https:\/\/sgvaimudar.com.br\/wp-content\/uploads\/2023\/08\/Logo.png\" alt=\"\" class=\"wp-image-2738\" \/><\/figure>\n","protected":false},"excerpt":{"rendered":"<p>Temperatura m\u00e1xima na segunda-feira (19) chegou aos 36,3 graus O calor que atinge o Rio nos \u00faltimos dias deve permanecer&hellip;<\/p>\n","protected":false},"author":5,"featured_media":10811,"comment_status":"open","ping_status":"open","sticky":false,"template":"","format":"standard","meta":{"fifu_image_url":"","fifu_image_alt":"","footnotes":""},"categories":[6],"tags":[],"class_list":["post-10810","post","type-post","status-publish","format-standard","has-post-thumbnail","hentry","category-entretenimento"],"_links":{"self":[{"href":"https:\/\/sgvaimudar.com.br\/index.php\/wp-json\/wp\/v2\/posts\/10810","targetHints":{"allow":["GET"]}}],"collection":[{"href":"https:\/\/sgvaimudar.com.br\/index.php\/wp-json\/wp\/v2\/posts"}],"about":[{"href":"https:\/\/sgvaimudar.com.br\/index.php\/wp-json\/wp\/v2\/types\/post"}],"author":[{"embeddable":true,"href":"https:\/\/sgvaimudar.com.br\/index.php\/wp-json\/wp\/v2\/users\/5"}],"replies":[{"embeddable":true,"href":"https:\/\/sgvaimudar.com.br\/index.php\/wp-json\/wp\/v2\/comments?post=10810"}],"version-history":[{"count":1,"href":"https:\/\/sgvaimudar.com.br\/index.php\/wp-json\/wp\/v2\/posts\/10810\/revisions"}],"predecessor-version":[{"id":10812,"href":"https:\/\/sgvaimudar.com.br\/index.php\/wp-json\/wp\/v2\/posts\/10810\/revisions\/10812"}],"wp:featuredmedia":[{"embeddable":true,"href":"https:\/\/sgvaimudar.com.br\/index.php\/wp-json\/wp\/v2\/media\/10811"}],"wp:attachment":[{"href":"https:\/\/sgvaimudar.com.br\/index.php\/wp-json\/wp\/v2\/media?parent=10810"}],"wp:term":[{"taxonomy":"category","embeddable":true,"href":"https:\/\/sgvaimudar.com.br\/index.php\/wp-json\/wp\/v2\/categories?post=10810"},{"taxonomy":"post_tag","embeddable":true,"href":"https:\/\/sgvaimudar.com.br\/index.php\/wp-json\/wp\/v2\/tags?post=10810"}],"curies":[{"name":"wp","href":"https:\/\/api.w.org\/{rel}","templated":true}]}}