{"id":10692,"date":"2024-08-18T18:00:00","date_gmt":"2024-08-18T21:00:00","guid":{"rendered":"https:\/\/sgvaimudar.com.br\/?p=10692"},"modified":"2024-08-18T11:27:58","modified_gmt":"2024-08-18T14:27:58","slug":"morre-o-ator-alain-delon-aos-88-anos-um-monumento-frances","status":"publish","type":"post","link":"https:\/\/sgvaimudar.com.br\/index.php\/2024\/08\/18\/morre-o-ator-alain-delon-aos-88-anos-um-monumento-frances\/","title":{"rendered":"Morre o ator Alain Delon, aos 88 anos: &#8216;Um monumento franc\u00eas&#8217;"},"content":{"rendered":"\n<p><em>Not\u00edcia foi confirmada pela fam\u00edlia do artista em nota \u00e0 imprensa francesa; causa n\u00e3o foi informada<\/em><\/p>\n\n\n\n<p>Cultuado ator franc\u00eas que estrelou uma s\u00e9rie de cl\u00e1ssicos entre os anos de 1960 e 1970, Alain Delon morreu na madrugada deste domingo, aos 88 anos. A not\u00edcia foi confirmada por sua fam\u00edlia em uma nota enviada \u00e0 imprensa francesa. A causa da morte n\u00e3o foi informada.<\/p>\n\n\n\n<p>Delon participou de mais de 90 produ\u00e7\u00f5es cinematogr\u00e1ficas com cineastas como Louis Malle, Michelangelo Antonioni, Jean-Luc Godard, Jean-Pierre Melville, Luchino Visconti, Ren\u00e9 Cl\u00e9ment e Jacques Deray.<\/p>\n\n\n\n<p>&#8220;Alain Fabien, Anouchka, Anthony e (seu c\u00e3o) Loubo lamentam profundamente o falecimento de seu pai. Ele morreu tranquilamente em sua casa em Douchy, rodeado por seus tr\u00eas filhos. A fam\u00edlia pede que respeitem sua privacidade neste momento de luto extremamente doloroso&#8221;, informou a nota divulgada pela fam\u00edlia de Delon na manh\u00e3 deste domingo.<\/p>\n\n\n\n<p>O presidente franc\u00eas Emmanuel Macron lamentou a morte do ator, afirmando, em postagem na rede social X (antigo Twitter) que Delon &#8220;encarnou pap\u00e9is lend\u00e1rios e fez o mundo sonhar&#8221;. E ainda: &#8220;Melanc\u00f3lico, popular, secreto, foi mais que uma estrela: um monumento franc\u00eas&#8221;.<\/p>\n\n\n\n<p>Em 2019, o ator sofreu um acidente vascular cerebral e, desde ent\u00e3o, vinha enfrentando problemas de sa\u00fade.<\/p>\n\n\n\n<p><em>Fonte: O Dia<\/em><\/p>\n\n\n\n<figure class=\"wp-block-image size-large\"><img fetchpriority=\"high\" decoding=\"async\" width=\"1024\" height=\"321\" src=\"https:\/\/sgvaimudar.com.br\/wp-content\/uploads\/2023\/08\/Logo-Provisoria-2-1024x321.png\" alt=\"\" class=\"wp-image-2777\" srcset=\"https:\/\/sgvaimudar.com.br\/wp-content\/uploads\/2023\/08\/Logo-Provisoria-2-1024x321.png 1024w, https:\/\/sgvaimudar.com.br\/wp-content\/uploads\/2023\/08\/Logo-Provisoria-2-300x94.png 300w, https:\/\/sgvaimudar.com.br\/wp-content\/uploads\/2023\/08\/Logo-Provisoria-2-768x241.png 768w, https:\/\/sgvaimudar.com.br\/wp-content\/uploads\/2023\/08\/Logo-Provisoria-2-1536x482.png 1536w, https:\/\/sgvaimudar.com.br\/wp-content\/uploads\/2023\/08\/Logo-Provisoria-2-2048x642.png 2048w\" sizes=\"(max-width: 1024px) 100vw, 1024px\" \/><\/figure>\n","protected":false},"excerpt":{"rendered":"<p>Not\u00edcia foi confirmada pela fam\u00edlia do artista em nota \u00e0 imprensa francesa; causa n\u00e3o foi informada Cultuado ator franc\u00eas que&hellip;<\/p>\n","protected":false},"author":5,"featured_media":10694,"comment_status":"open","ping_status":"open","sticky":false,"template":"","format":"standard","meta":{"fifu_image_url":"","fifu_image_alt":"","footnotes":""},"categories":[1],"tags":[],"class_list":["post-10692","post","type-post","status-publish","format-standard","has-post-thumbnail","hentry","category-mundo"],"_links":{"self":[{"href":"https:\/\/sgvaimudar.com.br\/index.php\/wp-json\/wp\/v2\/posts\/10692","targetHints":{"allow":["GET"]}}],"collection":[{"href":"https:\/\/sgvaimudar.com.br\/index.php\/wp-json\/wp\/v2\/posts"}],"about":[{"href":"https:\/\/sgvaimudar.com.br\/index.php\/wp-json\/wp\/v2\/types\/post"}],"author":[{"embeddable":true,"href":"https:\/\/sgvaimudar.com.br\/index.php\/wp-json\/wp\/v2\/users\/5"}],"replies":[{"embeddable":true,"href":"https:\/\/sgvaimudar.com.br\/index.php\/wp-json\/wp\/v2\/comments?post=10692"}],"version-history":[{"count":1,"href":"https:\/\/sgvaimudar.com.br\/index.php\/wp-json\/wp\/v2\/posts\/10692\/revisions"}],"predecessor-version":[{"id":10693,"href":"https:\/\/sgvaimudar.com.br\/index.php\/wp-json\/wp\/v2\/posts\/10692\/revisions\/10693"}],"wp:featuredmedia":[{"embeddable":true,"href":"https:\/\/sgvaimudar.com.br\/index.php\/wp-json\/wp\/v2\/media\/10694"}],"wp:attachment":[{"href":"https:\/\/sgvaimudar.com.br\/index.php\/wp-json\/wp\/v2\/media?parent=10692"}],"wp:term":[{"taxonomy":"category","embeddable":true,"href":"https:\/\/sgvaimudar.com.br\/index.php\/wp-json\/wp\/v2\/categories?post=10692"},{"taxonomy":"post_tag","embeddable":true,"href":"https:\/\/sgvaimudar.com.br\/index.php\/wp-json\/wp\/v2\/tags?post=10692"}],"curies":[{"name":"wp","href":"https:\/\/api.w.org\/{rel}","templated":true}]}}