{"id":10673,"date":"2024-08-18T10:37:43","date_gmt":"2024-08-18T13:37:43","guid":{"rendered":"https:\/\/sgvaimudar.com.br\/?p=10673"},"modified":"2024-08-18T11:10:54","modified_gmt":"2024-08-18T14:10:54","slug":"romario-do-pl-anuncia-apoio-a-rodrigo-do-pdt","status":"publish","type":"post","link":"https:\/\/sgvaimudar.com.br\/index.php\/2024\/08\/18\/romario-do-pl-anuncia-apoio-a-rodrigo-do-pdt\/","title":{"rendered":"Rom\u00e1rio, do PL, anuncia apoio a Rodrigo, do PDT"},"content":{"rendered":"\n<p><em>Rodrigo e Isabel cumprimentaram eleitores e receberam o carinho dos trabalhadores do com\u00e9rcio da regi\u00e3o<\/em><\/p>\n\n\n\n<p>O senador Rom\u00e1rio (PL) deu um drible no candidato do pr\u00f3prio partido em Niter\u00f3i, o bolsonarista Carlos Jordy, neste s\u00e1bado (17), e anunciou apoio a Rodrigo Neves (PDT), que tenta voltar pela terceira vez \u00e0 cadeira de prefeito da cidade.<\/p>\n\n\n\n<p>Rom\u00e1rio anunciou seu apoio a Rodrigo em v\u00eddeo obtido por um um site peri\u00f3dico. Neste s\u00e1bado Rodrigo Neves e sua candidata a vice-prefeita, Isabel Swan (PV), percorreram, nesse s\u00e1bado (17-08), o Largo da Batalha, acompanhados do vice-prefeito, Paulo Bagueira (Uni\u00e3o Brasil); dos deputados estaduais Ver\u00f4nica Lima (PT) e V\u00edtor J\u00fanior (PDT), candidatos a vereadores; lideran\u00e7as comunit\u00e1rias e religiosas, al\u00e9m de uma multid\u00e3o de simpatizantes. <\/p>\n\n\n\n<p id=\"viewer-7fglz1058\">Ele disse que nos \u00faltimos 10 anos, o Largo da Batalha recebeu investimentos em diversas \u00e1reas, como a policl\u00ednica da regi\u00e3o, obras de drenagem, pavimenta\u00e7\u00e3o e conten\u00e7\u00e3o de encostas, por exemplo. Entretanto, o pedetista pretende ampliar ainda mais os investimentos no local, principalmente em sa\u00fade e educa\u00e7\u00e3o. Neste domingo (18), Rodrigo faz caminhada com eleitores na Engenhoca.<\/p>\n\n\n\n<p id=\"viewer-5hgru1894\"><strong>Bruno Lessa em campanha<\/strong><\/p>\n\n\n\n<figure class=\"wp-block-image size-full\"><img fetchpriority=\"high\" decoding=\"async\" width=\"349\" height=\"426\" src=\"https:\/\/sgvaimudar.com.br\/wp-content\/uploads\/2024\/08\/lessa.jpg\" alt=\"\" class=\"wp-image-10675\" srcset=\"https:\/\/sgvaimudar.com.br\/wp-content\/uploads\/2024\/08\/lessa.jpg 349w, https:\/\/sgvaimudar.com.br\/wp-content\/uploads\/2024\/08\/lessa-246x300.jpg 246w\" sizes=\"(max-width: 349px) 100vw, 349px\" \/><\/figure>\n\n\n\n<p id=\"viewer-f3kcs2096\">O primeiro fim de semana de campanha eleitoral do candidato a prefeito de Niter\u00f3i pela coliga\u00e7\u00e3o Niter\u00f3i Pode Mais, Bruno Lessa (Podemos) foi dedicado a corpo a corpo com os eleitores, rodando diversas regi\u00f5es da cidade para conversar com a popula\u00e7\u00e3o e apresentar suas propostas.<\/p>\n\n\n\n<p id=\"viewer-evn002107\">Desde as 9h, ele e a sua vice, Bruna Doriel, percorreram Itaipu, Piratininga, Fonseca, Icara\u00ed, Largo da Batalha e Santa Rosa. No domingo (18), Bruno segue rodando diversas regi\u00f5es pela manh\u00e3 e, \u00e0 tarde, estar\u00e1 reunido com sua equipe para grava\u00e7\u00e3o de v\u00eddeos.<\/p>\n\n\n\n<p id=\"viewer-op8ey2110\">Na sexta-feira, primeiro dia da campanha, Bruno Lessa e Bruna Doriel come\u00e7aram o dia num dos lugares mais simb\u00f3licos da cidade: a Igreja de S\u00e3o Louren\u00e7o dos \u00cdndios, marco de funda\u00e7\u00e3o de Niter\u00f3i. Em seguida, fizeram uma caminhada pelo Centro, onde conversaram com muitos moradores e comerciantes.<\/p>\n\n\n\n<p id=\"viewer-o1wzz2113\">&#8211; O que percebo em cada conversa \u00e9 que o niteroiense quer mudan\u00e7a! Ele sabe que nossa cidade tem um or\u00e7amento bilion\u00e1rio, mas que muita coisa precisa ser feita. \u00c9 como digo: est\u00e3o fazendo um arroz com feij\u00e3o muito mal feito. E a hora de virar essa p\u00e1gina chegou! &#8211; afirmou Bruno Lessa.<\/p>\n\n\n\n<p id=\"viewer-xykvp2116\">Na sequ\u00eancia, Bruno almo\u00e7ou no Mercado de Peixes S\u00e3o Pedro na companhia de candidatos a vereador. Pela tarde, caminhou em Icara\u00ed, na Rua Ator Paulo Gustavo, onde fez corpo a corpo com a popula\u00e7\u00e3o.<\/p>\n\n\n\n<p>Procurado pela reportagem do S\u00e3o Gon\u00e7alo Vai Mudar, Carlos Jordy disse que v\u00ea a manobra sem nenhuma surpresa. &#8220;Com certeza esse apoio \u00e9 fruto de mais um acordo para tentar vencer a elei\u00e7\u00e3o ampliando a m\u00e1quina p\u00fablica com mais uma secretaria loteada. Hoje j\u00e1 s\u00e3o 70 secretarias. Nunca contei com esse tipo de \u201capoio\u201d&#8221;, afirmou Jordy. <\/p>\n\n\n\n<p>Ele disse que vai seguir fazendo a pol\u00edtica limpa, com apoio de quem realmente quer mudan\u00e7as na cidade: o cidad\u00e3o de Niter\u00f3i, que n\u00e3o aguenta mais essa pr\u00e1tica de perpetua\u00e7\u00e3o de poder. <\/p>\n\n\n\n<p>&#8220;Por isso sou o candidato que mais cresce nas pesquisas, pois represento a mudan\u00e7a e o rompimento com esse modelo de abandono, corrup\u00e7\u00e3o e negociatas. Vamos resgatar Niter\u00f3i dessa politicagem e devolver a cidade para a popula\u00e7\u00e3o, que paga o IPTU mais caro do estado pra sustentar esse tipo de acordo&#8221;, concluiu o liberal.<\/p>\n\n\n\n<p><em>Com informa\u00e7\u00f5es: Toda Palavra<\/em><\/p>\n\n\n\n<figure class=\"wp-block-image size-full\"><img decoding=\"async\" width=\"251\" height=\"88\" src=\"https:\/\/sgvaimudar.com.br\/wp-content\/uploads\/2023\/08\/Logo.png\" alt=\"\" class=\"wp-image-2738\" \/><\/figure>\n","protected":false},"excerpt":{"rendered":"<p>Rodrigo e Isabel cumprimentaram eleitores e receberam o carinho dos trabalhadores do com\u00e9rcio da regi\u00e3o O senador Rom\u00e1rio (PL) deu&hellip;<\/p>\n","protected":false},"author":5,"featured_media":10674,"comment_status":"open","ping_status":"open","sticky":false,"template":"","format":"standard","meta":{"fifu_image_url":"","fifu_image_alt":"","footnotes":""},"categories":[34],"tags":[],"class_list":["post-10673","post","type-post","status-publish","format-standard","has-post-thumbnail","hentry","category-niteroi"],"_links":{"self":[{"href":"https:\/\/sgvaimudar.com.br\/index.php\/wp-json\/wp\/v2\/posts\/10673","targetHints":{"allow":["GET"]}}],"collection":[{"href":"https:\/\/sgvaimudar.com.br\/index.php\/wp-json\/wp\/v2\/posts"}],"about":[{"href":"https:\/\/sgvaimudar.com.br\/index.php\/wp-json\/wp\/v2\/types\/post"}],"author":[{"embeddable":true,"href":"https:\/\/sgvaimudar.com.br\/index.php\/wp-json\/wp\/v2\/users\/5"}],"replies":[{"embeddable":true,"href":"https:\/\/sgvaimudar.com.br\/index.php\/wp-json\/wp\/v2\/comments?post=10673"}],"version-history":[{"count":2,"href":"https:\/\/sgvaimudar.com.br\/index.php\/wp-json\/wp\/v2\/posts\/10673\/revisions"}],"predecessor-version":[{"id":10688,"href":"https:\/\/sgvaimudar.com.br\/index.php\/wp-json\/wp\/v2\/posts\/10673\/revisions\/10688"}],"wp:featuredmedia":[{"embeddable":true,"href":"https:\/\/sgvaimudar.com.br\/index.php\/wp-json\/wp\/v2\/media\/10674"}],"wp:attachment":[{"href":"https:\/\/sgvaimudar.com.br\/index.php\/wp-json\/wp\/v2\/media?parent=10673"}],"wp:term":[{"taxonomy":"category","embeddable":true,"href":"https:\/\/sgvaimudar.com.br\/index.php\/wp-json\/wp\/v2\/categories?post=10673"},{"taxonomy":"post_tag","embeddable":true,"href":"https:\/\/sgvaimudar.com.br\/index.php\/wp-json\/wp\/v2\/tags?post=10673"}],"curies":[{"name":"wp","href":"https:\/\/api.w.org\/{rel}","templated":true}]}}