{"id":10662,"date":"2024-08-18T09:00:00","date_gmt":"2024-08-18T12:00:00","guid":{"rendered":"https:\/\/sgvaimudar.com.br\/?p=10662"},"modified":"2024-08-18T06:15:35","modified_gmt":"2024-08-18T09:15:35","slug":"capitao-nelson-tem-sabado-de-agendas-por-sao-goncalo","status":"publish","type":"post","link":"https:\/\/sgvaimudar.com.br\/index.php\/2024\/08\/18\/capitao-nelson-tem-sabado-de-agendas-por-sao-goncalo\/","title":{"rendered":"Capit\u00e3o Nelson tem s\u00e1bado de agendas por S\u00e3o Gon\u00e7alo"},"content":{"rendered":"\n<p><em>Encontros mobilizaram milhares de pessoas durante todo o dia<\/em><\/p>\n\n\n\n<p>O s\u00e1bado (17) foi de agendas de campanha para o Prefeito Capit\u00e3o Nelson (PL). O candidato \u00e0 reelei\u00e7\u00e3o como prefeito de S\u00e3o Gon\u00e7alo teve um dia de reuni\u00f5es com candidatos a vereador e apoiadores na cidade, com encontros realizados no Mutuagua\u00e7u, Coluband\u00ea e Coroado.<\/p>\n\n\n\n<figure class=\"wp-block-image size-large\"><img fetchpriority=\"high\" decoding=\"async\" width=\"1024\" height=\"684\" src=\"https:\/\/sgvaimudar.com.br\/wp-content\/uploads\/2024\/08\/Reunioao-Mutuaguacu-Foto-Renan-Otto-1-1024x684.jpg\" alt=\"\" class=\"wp-image-10663\" srcset=\"https:\/\/sgvaimudar.com.br\/wp-content\/uploads\/2024\/08\/Reunioao-Mutuaguacu-Foto-Renan-Otto-1-1024x684.jpg 1024w, https:\/\/sgvaimudar.com.br\/wp-content\/uploads\/2024\/08\/Reunioao-Mutuaguacu-Foto-Renan-Otto-1-300x200.jpg 300w, https:\/\/sgvaimudar.com.br\/wp-content\/uploads\/2024\/08\/Reunioao-Mutuaguacu-Foto-Renan-Otto-1-768x513.jpg 768w, https:\/\/sgvaimudar.com.br\/wp-content\/uploads\/2024\/08\/Reunioao-Mutuaguacu-Foto-Renan-Otto-1-1536x1027.jpg 1536w, https:\/\/sgvaimudar.com.br\/wp-content\/uploads\/2024\/08\/Reunioao-Mutuaguacu-Foto-Renan-Otto-1.jpg 1616w\" sizes=\"(max-width: 1024px) 100vw, 1024px\" \/><\/figure>\n\n\n\n<p>A primeira agenda do dia foi realizada pela manh\u00e3, na quadra do Centro Educacional Pereira Rocha, no bairro Mutuagua\u00e7u, junto ao vereador Cacau, o vice-prefeito S\u00e9rgio Gev\u00fa, o secret\u00e1rio de Estado das Cidades Douglas Ruas e o deputado federal, Altineu C\u00f4rtes.<\/p>\n\n\n\n<p>\u201cConseguimos realizar a manuten\u00e7\u00e3o em todos os \u00f4nibus escolares. No in\u00edcio do governo, t\u00ednhamos 40 mil alunos matriculados na Rede Municipal de Educa\u00e7\u00e3o. Hoje, n\u00f3s temos 62 mil. Conseguimos padronizar a merenda escolar para que todas as nossas crian\u00e7as tenham uma alimenta\u00e7\u00e3o adequada. Havia tamb\u00e9m um d\u00e9ficit grande de creches em S\u00e3o Gon\u00e7alo, e atualmente temos 28 creches do munic\u00edpio, 38 conveniadas, e eu j\u00e1 entreguei mais tr\u00eas. Estamos construindo mais duas\u201d, destacou o prefeito Capit\u00e3o Nelson, ao falar dos avan\u00e7os na \u00e1rea da educa\u00e7\u00e3o.<\/p>\n\n\n\n<figure class=\"wp-block-image size-large\"><img decoding=\"async\" width=\"1024\" height=\"684\" src=\"https:\/\/sgvaimudar.com.br\/wp-content\/uploads\/2024\/08\/Reuniao-Coroado-Foto-Renan-Otto-1-1024x684.jpg\" alt=\"\" class=\"wp-image-10664\" srcset=\"https:\/\/sgvaimudar.com.br\/wp-content\/uploads\/2024\/08\/Reuniao-Coroado-Foto-Renan-Otto-1-1024x684.jpg 1024w, https:\/\/sgvaimudar.com.br\/wp-content\/uploads\/2024\/08\/Reuniao-Coroado-Foto-Renan-Otto-1-300x200.jpg 300w, https:\/\/sgvaimudar.com.br\/wp-content\/uploads\/2024\/08\/Reuniao-Coroado-Foto-Renan-Otto-1-768x513.jpg 768w, https:\/\/sgvaimudar.com.br\/wp-content\/uploads\/2024\/08\/Reuniao-Coroado-Foto-Renan-Otto-1-1536x1027.jpg 1536w, https:\/\/sgvaimudar.com.br\/wp-content\/uploads\/2024\/08\/Reuniao-Coroado-Foto-Renan-Otto-1.jpg 1616w\" sizes=\"(max-width: 1024px) 100vw, 1024px\" \/><\/figure>\n\n\n\n<p>A capacidade de articula\u00e7\u00e3o pol\u00edtica para garantir a chegada de recursos para S\u00e3o Gon\u00e7alo avan\u00e7ar, foi lembrada durante os discursos.<\/p>\n\n\n\n<p>\u201cDesde 2021, Capit\u00e3o Nelson vem liderando um processo de uni\u00e3o das for\u00e7as pol\u00edticas em S\u00e3o Gon\u00e7alo. S\u00e3o Gon\u00e7alo ainda tem muito para avan\u00e7ar! A gente agora vive esse processo eleitoral para garantir tudo o que foi conquistado at\u00e9 aqui.&nbsp; O mais importante \u00e9 olharmos pra frente e saber que o Capit\u00e3o Nelson pode fazer muito mais pela nossa cidade\u201d, disse o secret\u00e1rio de Estado das Cidades, Douglas Ruas, no primeiro compromisso de campanha deste s\u00e1bado.<\/p>\n\n\n\n<p>A capacidade de realiza\u00e7\u00f5es e empenho do prefeito Capit\u00e3o Nelson diante da baixa arrecada\u00e7\u00e3o do munic\u00edpio foi exaltada.<\/p>\n\n\n\n<p>\u201cS\u00e3o Gon\u00e7alo est\u00e1 passando por uma transforma\u00e7\u00e3o. \u00c9 uma das cidades mais dif\u00edceis no Brasil para se governar, porque tem poucos recursos. \u00c9 muito mais f\u00e1cil voc\u00ea fazer uma cidade avan\u00e7ar com mais recursos. Mas n\u00f3s temos um prefeito que acorda \u00e0s 6h e est\u00e1 nas ruas de domingo a domingo. Por isso que S\u00e3o Gon\u00e7alo est\u00e1 conseguindo avan\u00e7ar\u201d, disse o deputado federal Altineu C\u00f4rtes.<\/p>\n\n\n\n<p>Moradores exaltaram o grande trabalho que vem sendo realizado para acabar com os problemas de enchente.<\/p>\n\n\n\n<p>\u201cEu estou gostando de tudo o que vem acontecendo na cidade, mas o que mais impactou na minha vida, foi o manilhamento das ruas na regi\u00e3o onde eu moro. T\u00ednhamos muitos problemas com enchente e agora est\u00e1 tudo tranquilo\u201d, disse a cuidadora de idosos Rita de C\u00e1ssia Joaquim, moradora da Rua \u00c1lvaro Costa, Mutuagua\u00e7u.<\/p>\n\n\n\n<p>A segunda reuni\u00e3o foi realizada no in\u00edcio da tarde, no bairro Coluband\u00ea, na quadra do Col\u00e9gio Odete S\u00e3o Paio, com o candidato a vereador Sidiclei do Otoni e participa\u00e7\u00e3o do deputado federal Otoni de Paula, al\u00e9m do ex-vereador Diego S\u00e3o Paio. Avan\u00e7os na regi\u00e3o do Coluband\u00ea foram destacados, como a nova Cl\u00ednica Gon\u00e7alense do bairro e o grande trabalho de macrodrenagem realizado na Avenida Jos\u00e9 Mendon\u00e7a de Campos, para solucionar os problemas de alagamento na regi\u00e3o.<\/p>\n\n\n\n<p>Fechando o dia de agendas, o prefeito foi recebido por moradores do Coroado, na Brasil\u00e2ndia, junto ao vereador e candidato \u00e0 reelei\u00e7\u00e3o, Lucas Muniz. Melhorias para a regi\u00e3o foram lembradas, como o Pra\u00e7a Renovada, que revitalizou completamente a Pra\u00e7a do Coroado e o Ilumina S\u00e3o Gon\u00e7alo, que beneficiou toda a regi\u00e3o da Brasil\u00e2ndia, com nova ilumina\u00e7\u00e3o de Led.<\/p>\n\n\n\n<p><strong>S\u00e3o Gon\u00e7alo Vai Mudar. O Maior Portal da Cidade.<\/strong><\/p>\n\n\n\n<figure class=\"wp-block-image size-large\"><img decoding=\"async\" width=\"1024\" height=\"378\" src=\"https:\/\/sgvaimudar.com.br\/wp-content\/uploads\/2023\/08\/cropped-Logo-Provisoria-2-1-1024x378.png\" alt=\"\" class=\"wp-image-2780\" srcset=\"https:\/\/sgvaimudar.com.br\/wp-content\/uploads\/2023\/08\/cropped-Logo-Provisoria-2-1-1024x378.png 1024w, https:\/\/sgvaimudar.com.br\/wp-content\/uploads\/2023\/08\/cropped-Logo-Provisoria-2-1-300x111.png 300w, https:\/\/sgvaimudar.com.br\/wp-content\/uploads\/2023\/08\/cropped-Logo-Provisoria-2-1-768x284.png 768w, https:\/\/sgvaimudar.com.br\/wp-content\/uploads\/2023\/08\/cropped-Logo-Provisoria-2-1.png 1386w\" sizes=\"(max-width: 1024px) 100vw, 1024px\" \/><\/figure>\n","protected":false},"excerpt":{"rendered":"<p>Encontros mobilizaram milhares de pessoas durante todo o dia O s\u00e1bado (17) foi de agendas de campanha para o Prefeito&hellip;<\/p>\n","protected":false},"author":5,"featured_media":10665,"comment_status":"open","ping_status":"open","sticky":false,"template":"","format":"standard","meta":{"fifu_image_url":"","fifu_image_alt":"","footnotes":""},"categories":[3],"tags":[],"class_list":["post-10662","post","type-post","status-publish","format-standard","has-post-thumbnail","hentry","category-sao-goncalo"],"_links":{"self":[{"href":"https:\/\/sgvaimudar.com.br\/index.php\/wp-json\/wp\/v2\/posts\/10662","targetHints":{"allow":["GET"]}}],"collection":[{"href":"https:\/\/sgvaimudar.com.br\/index.php\/wp-json\/wp\/v2\/posts"}],"about":[{"href":"https:\/\/sgvaimudar.com.br\/index.php\/wp-json\/wp\/v2\/types\/post"}],"author":[{"embeddable":true,"href":"https:\/\/sgvaimudar.com.br\/index.php\/wp-json\/wp\/v2\/users\/5"}],"replies":[{"embeddable":true,"href":"https:\/\/sgvaimudar.com.br\/index.php\/wp-json\/wp\/v2\/comments?post=10662"}],"version-history":[{"count":1,"href":"https:\/\/sgvaimudar.com.br\/index.php\/wp-json\/wp\/v2\/posts\/10662\/revisions"}],"predecessor-version":[{"id":10666,"href":"https:\/\/sgvaimudar.com.br\/index.php\/wp-json\/wp\/v2\/posts\/10662\/revisions\/10666"}],"wp:featuredmedia":[{"embeddable":true,"href":"https:\/\/sgvaimudar.com.br\/index.php\/wp-json\/wp\/v2\/media\/10665"}],"wp:attachment":[{"href":"https:\/\/sgvaimudar.com.br\/index.php\/wp-json\/wp\/v2\/media?parent=10662"}],"wp:term":[{"taxonomy":"category","embeddable":true,"href":"https:\/\/sgvaimudar.com.br\/index.php\/wp-json\/wp\/v2\/categories?post=10662"},{"taxonomy":"post_tag","embeddable":true,"href":"https:\/\/sgvaimudar.com.br\/index.php\/wp-json\/wp\/v2\/tags?post=10662"}],"curies":[{"name":"wp","href":"https:\/\/api.w.org\/{rel}","templated":true}]}}