{"id":10642,"date":"2024-08-17T15:00:00","date_gmt":"2024-08-17T18:00:00","guid":{"rendered":"https:\/\/sgvaimudar.com.br\/?p=10642"},"modified":"2024-08-17T09:22:44","modified_gmt":"2024-08-17T12:22:44","slug":"o-procurador-geral-de-justica-se-reune-com-a-ministra-carmen-lucia","status":"publish","type":"post","link":"https:\/\/sgvaimudar.com.br\/index.php\/2024\/08\/17\/o-procurador-geral-de-justica-se-reune-com-a-ministra-carmen-lucia\/","title":{"rendered":"O procurador-geral de Justi\u00e7a se re\u00fane com \u00e0 ministra C\u00e1rmen L\u00facia"},"content":{"rendered":"\n<p><em>Luciano Mattos e Geordes Seigneur, com a ministra C\u00e1rmen L\u00facia <\/em><\/p>\n\n\n\n<p>O procurador-geral de Justi\u00e7a, Luciano Mattos, participou, na tarde desta quarta-feira (14\/08), ao lado do procurador-geral de Justi\u00e7a do Distrito Federal, Georges Seigneur, de uma reuni\u00e3o com a ministra do Supremo Tribunal Federal (STF) e presidente do Tribunal Superior Eleitoral (TSE), C\u00e1rmen L\u00facia, na sede do STF. <\/p>\n\n\n\n<p>Durante o encontro, foram apresentadas \u00e0 ministra as a\u00e7\u00f5es que v\u00eam sendo adotadas pelo Minist\u00e9rio P\u00fablico do Estado do Rio de Janeiro (MPRJ) para acompanhar as elei\u00e7\u00f5es municipais que acontecem em outubro.<\/p>\n\n\n\n<p>\u201cRessaltamos para a ministra C\u00e1rmen L\u00facia nossa preocupa\u00e7\u00e3o em evitar que o crime organizado se infiltre nas C\u00e2maras e Prefeituras e o trabalho conjunto que est\u00e1 sendo realizado com o Tribunal Regional Eleitoral (TRE-RJ) e a Procuradoria Regional Eleitoral (PRE-RJ) nesse sentido. Al\u00e9m disso, apresentamos nossa campanha de conscientiza\u00e7\u00e3o da popula\u00e7\u00e3o e o rob\u00f4 desenvolvido pelo MPRJ que ir\u00e1 auxiliar nossos membros na an\u00e1lise dos registros das candidaturas\u201d, afirmou Luciano Mattos ao final do encontro.<\/p>\n\n\n\n<p>Em mar\u00e7o deste ano, o PGJ e o presidente do TRE-RJ, desembargador Henrique Carlos de Andrade Figueira, reuniram-se com o objetivo de tra\u00e7ar\u00a0a\u00e7\u00f5es estrat\u00e9gicas para coibir a atua\u00e7\u00e3o do crime organizado no processo das elei\u00e7\u00f5es municipais, alinhando a\u00e7\u00f5es articuladas e integradas de intelig\u00eancia. <\/p>\n\n\n\n<p>Em junho, o MPRJ disponibilizou \u00e0 popula\u00e7\u00e3o um\u00a0canal de Ouvidoria exclusivo para as elei\u00e7\u00f5es, onde podem ser acessadas informa\u00e7\u00f5es relacionadas \u00e0 atua\u00e7\u00e3o da institui\u00e7\u00e3o no pleito e realizadas comunica\u00e7\u00f5es de irregularidades cometidas durante o processo eleitoral.<\/p>\n\n\n\n<p>No \u00faltimo dia 01\/08, foi lan\u00e7ada a campanha &#8216;Elei\u00e7\u00f5es 2014&#8217;,\u00a0falando sobre temas que envolvem o pleito eleitoral e levando ao eleitor tudo o que ele precisa saber para exercer o seu direito de voto e fiscalizar eventuais abusos cometidos. <\/p>\n\n\n\n<p>J\u00e1 na \u00faltima ter\u00e7a-feira (13\/08), entrou em opera\u00e7\u00e3o a nova ferramenta de intelig\u00eancia artificial do MPRJ, um rob\u00f4 que analisa os registros de candidaturas e identifica, em poucos cliques, poss\u00edveis irregularidades, alertando os membros da institui\u00e7\u00e3o sobre quest\u00f5es que podem afetar a elegibilidade de algum candidato, al\u00e9m de analisar todo o banco de registros de candidaturas de forma automatizada.<\/p>\n\n\n\n<p><strong><em><sub>S\u00e3o Gon\u00e7alo Vai Mudar. O Maior Portal da Cidade.<\/sub><\/em><\/strong><\/p>\n\n\n\n<figure class=\"wp-block-image size-large\"><img fetchpriority=\"high\" decoding=\"async\" width=\"1024\" height=\"357\" src=\"https:\/\/sgvaimudar.com.br\/wp-content\/uploads\/2023\/08\/Logo-Provisoria-2-1-1024x357.png\" alt=\"\" class=\"wp-image-2779\" srcset=\"https:\/\/sgvaimudar.com.br\/wp-content\/uploads\/2023\/08\/Logo-Provisoria-2-1-1024x357.png 1024w, https:\/\/sgvaimudar.com.br\/wp-content\/uploads\/2023\/08\/Logo-Provisoria-2-1-300x105.png 300w, https:\/\/sgvaimudar.com.br\/wp-content\/uploads\/2023\/08\/Logo-Provisoria-2-1-768x268.png 768w, https:\/\/sgvaimudar.com.br\/wp-content\/uploads\/2023\/08\/Logo-Provisoria-2-1.png 1470w\" sizes=\"(max-width: 1024px) 100vw, 1024px\" \/><\/figure>\n","protected":false},"excerpt":{"rendered":"<p>Luciano Mattos e Geordes Seigneur, com a ministra C\u00e1rmen L\u00facia O procurador-geral de Justi\u00e7a, Luciano Mattos, participou, na tarde desta&hellip;<\/p>\n","protected":false},"author":5,"featured_media":10643,"comment_status":"open","ping_status":"open","sticky":false,"template":"","format":"standard","meta":{"fifu_image_url":"","fifu_image_alt":"","footnotes":""},"categories":[4],"tags":[],"class_list":["post-10642","post","type-post","status-publish","format-standard","has-post-thumbnail","hentry","category-brasil"],"_links":{"self":[{"href":"https:\/\/sgvaimudar.com.br\/index.php\/wp-json\/wp\/v2\/posts\/10642","targetHints":{"allow":["GET"]}}],"collection":[{"href":"https:\/\/sgvaimudar.com.br\/index.php\/wp-json\/wp\/v2\/posts"}],"about":[{"href":"https:\/\/sgvaimudar.com.br\/index.php\/wp-json\/wp\/v2\/types\/post"}],"author":[{"embeddable":true,"href":"https:\/\/sgvaimudar.com.br\/index.php\/wp-json\/wp\/v2\/users\/5"}],"replies":[{"embeddable":true,"href":"https:\/\/sgvaimudar.com.br\/index.php\/wp-json\/wp\/v2\/comments?post=10642"}],"version-history":[{"count":1,"href":"https:\/\/sgvaimudar.com.br\/index.php\/wp-json\/wp\/v2\/posts\/10642\/revisions"}],"predecessor-version":[{"id":10644,"href":"https:\/\/sgvaimudar.com.br\/index.php\/wp-json\/wp\/v2\/posts\/10642\/revisions\/10644"}],"wp:featuredmedia":[{"embeddable":true,"href":"https:\/\/sgvaimudar.com.br\/index.php\/wp-json\/wp\/v2\/media\/10643"}],"wp:attachment":[{"href":"https:\/\/sgvaimudar.com.br\/index.php\/wp-json\/wp\/v2\/media?parent=10642"}],"wp:term":[{"taxonomy":"category","embeddable":true,"href":"https:\/\/sgvaimudar.com.br\/index.php\/wp-json\/wp\/v2\/categories?post=10642"},{"taxonomy":"post_tag","embeddable":true,"href":"https:\/\/sgvaimudar.com.br\/index.php\/wp-json\/wp\/v2\/tags?post=10642"}],"curies":[{"name":"wp","href":"https:\/\/api.w.org\/{rel}","templated":true}]}}