{"id":10583,"date":"2024-08-16T11:00:00","date_gmt":"2024-08-16T14:00:00","guid":{"rendered":"https:\/\/sgvaimudar.com.br\/?p=10583"},"modified":"2024-08-16T08:30:52","modified_gmt":"2024-08-16T11:30:52","slug":"torcedor-do-botafogo-flagrado-fazendo-gestos-racistas-era-funcionario-da-prefeitura-de-marica-e-foi-demitido-apos-episodio","status":"publish","type":"post","link":"https:\/\/sgvaimudar.com.br\/index.php\/2024\/08\/16\/torcedor-do-botafogo-flagrado-fazendo-gestos-racistas-era-funcionario-da-prefeitura-de-marica-e-foi-demitido-apos-episodio\/","title":{"rendered":"Torcedor do Botafogo flagrado fazendo gestos racistas era funcion\u00e1rio da prefeitura de Maric\u00e1 e foi demitido ap\u00f3s epis\u00f3dio"},"content":{"rendered":"\n<p>O torcedor do Botafogo que foi flagrado fazendo gestos racistas em dire\u00e7\u00e3o \u00e0 torcida do Palmeiras,\u00a0no Est\u00e1dio Nilton Santos, foi demitido pela Prefeitura de Maric\u00e1 do cargo que ocupava na Secretaria de Ci\u00eancia e Tecnologia.<\/p>\n\n\n\n<p>Segundo as informa\u00e7\u00f5es, o homem foi identificado como Vin\u00edcius Ramos e \u00e9 morador de Maric\u00e1. Em nota, a prefeitura da cidade fluminense disse que o prefeito Fabiano Horta, botafoguense, condenou com veem\u00eancia os sucessivos casos de racismo\u00a0no futebol.<\/p>\n\n\n\n<p>Al\u00e9m disso, a Prefeitura de Maric\u00e1 disse ter informado ao clube e \u00e0s autoridades policiais a identidade do homem. J\u00e1 a Delegacia de Crimes Raciais e Delitos de Intoler\u00e2ncia (Decradi) informou que instaurou inqu\u00e9rito para investigar o caso ap\u00f3s a veicula\u00e7\u00e3o das imagens.<\/p>\n\n\n\n<p><em>Fonte: Site Botafogo.com<\/em><\/p>\n\n\n\n<figure class=\"wp-block-image size-full\"><img decoding=\"async\" width=\"251\" height=\"88\" src=\"https:\/\/sgvaimudar.com.br\/wp-content\/uploads\/2023\/08\/Logo.png\" alt=\"\" class=\"wp-image-2738\" \/><\/figure>\n","protected":false},"excerpt":{"rendered":"<p>O torcedor do Botafogo que foi flagrado fazendo gestos racistas em dire\u00e7\u00e3o \u00e0 torcida do Palmeiras,\u00a0no Est\u00e1dio Nilton Santos, foi&hellip;<\/p>\n","protected":false},"author":5,"featured_media":10584,"comment_status":"open","ping_status":"open","sticky":false,"template":"","format":"standard","meta":{"fifu_image_url":"","fifu_image_alt":"","footnotes":""},"categories":[5],"tags":[],"class_list":["post-10583","post","type-post","status-publish","format-standard","has-post-thumbnail","hentry","category-esportes"],"_links":{"self":[{"href":"https:\/\/sgvaimudar.com.br\/index.php\/wp-json\/wp\/v2\/posts\/10583","targetHints":{"allow":["GET"]}}],"collection":[{"href":"https:\/\/sgvaimudar.com.br\/index.php\/wp-json\/wp\/v2\/posts"}],"about":[{"href":"https:\/\/sgvaimudar.com.br\/index.php\/wp-json\/wp\/v2\/types\/post"}],"author":[{"embeddable":true,"href":"https:\/\/sgvaimudar.com.br\/index.php\/wp-json\/wp\/v2\/users\/5"}],"replies":[{"embeddable":true,"href":"https:\/\/sgvaimudar.com.br\/index.php\/wp-json\/wp\/v2\/comments?post=10583"}],"version-history":[{"count":1,"href":"https:\/\/sgvaimudar.com.br\/index.php\/wp-json\/wp\/v2\/posts\/10583\/revisions"}],"predecessor-version":[{"id":10585,"href":"https:\/\/sgvaimudar.com.br\/index.php\/wp-json\/wp\/v2\/posts\/10583\/revisions\/10585"}],"wp:featuredmedia":[{"embeddable":true,"href":"https:\/\/sgvaimudar.com.br\/index.php\/wp-json\/wp\/v2\/media\/10584"}],"wp:attachment":[{"href":"https:\/\/sgvaimudar.com.br\/index.php\/wp-json\/wp\/v2\/media?parent=10583"}],"wp:term":[{"taxonomy":"category","embeddable":true,"href":"https:\/\/sgvaimudar.com.br\/index.php\/wp-json\/wp\/v2\/categories?post=10583"},{"taxonomy":"post_tag","embeddable":true,"href":"https:\/\/sgvaimudar.com.br\/index.php\/wp-json\/wp\/v2\/tags?post=10583"}],"curies":[{"name":"wp","href":"https:\/\/api.w.org\/{rel}","templated":true}]}}