{"id":10573,"date":"2024-08-15T20:00:00","date_gmt":"2024-08-15T23:00:00","guid":{"rendered":"https:\/\/sgvaimudar.com.br\/?p=10573"},"modified":"2024-08-15T11:48:42","modified_gmt":"2024-08-15T14:48:42","slug":"policia-civil-localiza-menina-que-estava-desaparecida-em-araruama","status":"publish","type":"post","link":"https:\/\/sgvaimudar.com.br\/index.php\/2024\/08\/15\/policia-civil-localiza-menina-que-estava-desaparecida-em-araruama\/","title":{"rendered":"Pol\u00edcia Civil localiza menina que estava desaparecida em Araruama"},"content":{"rendered":"\n<p><em>P\u00e9rola Vit\u00f3ria estava desaparecida h\u00e1 dois dias e foi achada em um matagal<\/em><\/p>\n\n\n\n<p>Policiais civis da 118\u00aa DP (Araruama) localizaram, nesta quarta-feira (14\/08), uma menina de dois anos que estava desaparecida, em Araruama, na Regi\u00e3o dos Lagos. Ela foi encontrada com vida em uma \u00e1rea pr\u00f3xima \u00e0 resid\u00eancia dos pais. A a\u00e7\u00e3o foi realizada menos de 36 horas depois de o fato ser comunicado \u00e0 Pol\u00edcia Civil.<\/p>\n\n\n\n<p>Desde o registro do desaparecimento, na madrugada de ter\u00e7a-feira (13\/08), a equipe da delegacia de Araruama iniciou dilig\u00eancias imediatamente para localiz\u00e1-la. As buscas foram feitas em conjunto com o Corpo de Bombeiros. Testemunhas foram ouvidas, bem como os respons\u00e1veis pela menor, e imagens de c\u00e2meras da regi\u00e3o s\u00e3o analisadas.<\/p>\n\n\n\n<p>O Hospital Estadual Roberto Chabo, em Araruama, na Regi\u00e3o dos Lagos do Rio, divulgou nesta quarta-feira (14) uma atualiza\u00e7\u00e3o sobre o estado de sa\u00fade da menina P\u00e9rola Vit\u00f3ria Duarte Lima, de 2 anos, que estava desaparecida h\u00e1 dois dias mata do bairro Parati.<\/p>\n\n\n\n<p>Segundo a nota do hospital, a crian\u00e7a deu entrada na unidade de sa\u00fade sonolenta, com hipotermia, cianose central e desidrata\u00e7\u00e3o. P\u00e9rola est\u00e1 recebendo oxig\u00eanio suplementar e segue sob cuidados no CTI pedi\u00e1trico para monitoramento do quadro.<\/p>\n\n\n\n<h2 class=\"wp-block-heading\">Relembre o caso<\/h2>\n\n\n\n<p>De acordo com a tia da menina, P\u00e9rola teria sa\u00eddo de casa por um port\u00e3o que estava aberto na Rua Itapu\u00e1 e, desde ent\u00e3o, estava desaparecida.<\/p>\n\n\n\n<p>Em um v\u00eddeo divulgado, \u00e9 poss\u00edvel ver o instante em que agentes da Pol\u00edcia Civil encontraram P\u00e9rola por volta das 10h, desta quarta. Ao perceberem que a crian\u00e7a estava viva, os policiais correram com ela nos bra\u00e7os at\u00e9 uma viatura, que a levou imediatamente ao hospital.<\/p>\n\n\n\n<p>A investiga\u00e7\u00e3o est\u00e1 em andamento para apurar de que forma a crian\u00e7a desapareceu, como chegou ao local onde foi encontrada e esclarecer todos os fatos.<\/p>\n\n\n\n<p><strong><em><sub>S\u00e3o Gon\u00e7alo Vai Mudar. O Maior Portal da Cidade.<\/sub><\/em><\/strong><\/p>\n\n\n\n<figure class=\"wp-block-image size-large\"><img fetchpriority=\"high\" decoding=\"async\" width=\"1024\" height=\"321\" src=\"https:\/\/sgvaimudar.com.br\/wp-content\/uploads\/2023\/08\/Logo-Provisoria-2-1024x321.png\" alt=\"\" class=\"wp-image-2777\" srcset=\"https:\/\/sgvaimudar.com.br\/wp-content\/uploads\/2023\/08\/Logo-Provisoria-2-1024x321.png 1024w, https:\/\/sgvaimudar.com.br\/wp-content\/uploads\/2023\/08\/Logo-Provisoria-2-300x94.png 300w, https:\/\/sgvaimudar.com.br\/wp-content\/uploads\/2023\/08\/Logo-Provisoria-2-768x241.png 768w, https:\/\/sgvaimudar.com.br\/wp-content\/uploads\/2023\/08\/Logo-Provisoria-2-1536x482.png 1536w, https:\/\/sgvaimudar.com.br\/wp-content\/uploads\/2023\/08\/Logo-Provisoria-2-2048x642.png 2048w\" sizes=\"(max-width: 1024px) 100vw, 1024px\" \/><\/figure>\n","protected":false},"excerpt":{"rendered":"<p>P\u00e9rola Vit\u00f3ria estava desaparecida h\u00e1 dois dias e foi achada em um matagal Policiais civis da 118\u00aa DP (Araruama) localizaram,&hellip;<\/p>\n","protected":false},"author":5,"featured_media":10574,"comment_status":"open","ping_status":"open","sticky":false,"template":"","format":"standard","meta":{"fifu_image_url":"","fifu_image_alt":"","footnotes":""},"categories":[32],"tags":[],"class_list":["post-10573","post","type-post","status-publish","format-standard","has-post-thumbnail","hentry","category-casos-de-policia"],"_links":{"self":[{"href":"https:\/\/sgvaimudar.com.br\/index.php\/wp-json\/wp\/v2\/posts\/10573","targetHints":{"allow":["GET"]}}],"collection":[{"href":"https:\/\/sgvaimudar.com.br\/index.php\/wp-json\/wp\/v2\/posts"}],"about":[{"href":"https:\/\/sgvaimudar.com.br\/index.php\/wp-json\/wp\/v2\/types\/post"}],"author":[{"embeddable":true,"href":"https:\/\/sgvaimudar.com.br\/index.php\/wp-json\/wp\/v2\/users\/5"}],"replies":[{"embeddable":true,"href":"https:\/\/sgvaimudar.com.br\/index.php\/wp-json\/wp\/v2\/comments?post=10573"}],"version-history":[{"count":1,"href":"https:\/\/sgvaimudar.com.br\/index.php\/wp-json\/wp\/v2\/posts\/10573\/revisions"}],"predecessor-version":[{"id":10575,"href":"https:\/\/sgvaimudar.com.br\/index.php\/wp-json\/wp\/v2\/posts\/10573\/revisions\/10575"}],"wp:featuredmedia":[{"embeddable":true,"href":"https:\/\/sgvaimudar.com.br\/index.php\/wp-json\/wp\/v2\/media\/10574"}],"wp:attachment":[{"href":"https:\/\/sgvaimudar.com.br\/index.php\/wp-json\/wp\/v2\/media?parent=10573"}],"wp:term":[{"taxonomy":"category","embeddable":true,"href":"https:\/\/sgvaimudar.com.br\/index.php\/wp-json\/wp\/v2\/categories?post=10573"},{"taxonomy":"post_tag","embeddable":true,"href":"https:\/\/sgvaimudar.com.br\/index.php\/wp-json\/wp\/v2\/tags?post=10573"}],"curies":[{"name":"wp","href":"https:\/\/api.w.org\/{rel}","templated":true}]}}