{"id":10557,"date":"2024-08-15T12:00:00","date_gmt":"2024-08-15T15:00:00","guid":{"rendered":"https:\/\/sgvaimudar.com.br\/?p=10557"},"modified":"2024-08-15T10:53:07","modified_gmt":"2024-08-15T13:53:07","slug":"funasg-reabre-inscricoes-para-concurso-no-dia-19","status":"publish","type":"post","link":"https:\/\/sgvaimudar.com.br\/index.php\/2024\/08\/15\/funasg-reabre-inscricoes-para-concurso-no-dia-19\/","title":{"rendered":"Funasg reabre inscri\u00e7\u00f5es para concurso no dia 19"},"content":{"rendered":"\n<p><em>Processo seletivo havia sido suspenso em 2020 por causa da pandemia<\/em><\/p>\n\n\n\n<p>A Funda\u00e7\u00e3o Municipal de Assist\u00eancia \u00e0 Sa\u00fade dos Servidores de S\u00e3o Gon\u00e7alo (Funasg) informou que reabriu as inscri\u00e7\u00f5es para o concurso publicado em 9 de janeiro de 2020 e suspenso devido \u00e0 pandemia do coronav\u00edrus. <\/p>\n\n\n\n<p>As inscri\u00e7\u00f5es da retomada do certame abrem na pr\u00f3xima segunda-feira (19) e seguem at\u00e9 as 16h do dia 12 de setembro deste ano.\u00a0<\/p>\n\n\n\n<p>H\u00e1 vagas para v\u00e1rias especialidades m\u00e9dicas, profiss\u00f5es de n\u00edvel superior e de n\u00edvel m\u00e9dio (fonoaudi\u00f3logo, angiologista, cardiologista, cl\u00ednico geral, dermatologista, endocrinologista, gastroenterologista, geriatra, ginecologista, mastologista, neurologista, ortopedista, otorrinolaringologista, pediatra, pneumologista, proctologista, reumatologista, urologista, nutricionista, psic\u00f3logo, advogado, contador, massoterapeuta, t\u00e9cnico de enfermagem, agente de apoio t\u00e9cnico e auxiliar de servi\u00e7os m\u00e9dicos).<\/p>\n\n\n\n<p>Ao todo s\u00e3o 17 oportunidades para in\u00edcio imediato e 26 para cadastro de reserva. Os sal\u00e1rios variam de R$1.900,61 a R$4.535,53, al\u00e9m do recebimento de insalubridade, aux\u00edlio transporte e gratifica\u00e7\u00e3o por produtividade. Os servidores poder\u00e3o receber, ainda, o adicional de progress\u00e3o e qualifica\u00e7\u00e3o.\u00a0<\/p>\n\n\n\n<p>O edital completo est\u00e1 publicado no Di\u00e1rio Oficial de S\u00e3o Gon\u00e7alo extraordin\u00e1rio, no \u00faltimo dia 12, e pode ser conferido atrav\u00e9s do link\u00a0<a rel=\"noreferrer noopener\" href=\"https:\/\/click.cse360.com.br\/Click\/AddCampaignEmailClick\/33c541ad-1426-41f5-1043-08dcbc5a4f4a\/https%253a%252f%252fdo.pmsg.rj.gov.br%252f\/ac66966e-2b55-4484-fb2c-08dc491eed5f\/jornalistaws@gmail.com\/False\" target=\"_blank\">https:\/\/do.pmsg.rj.gov.br<\/a>. As inscri\u00e7\u00f5es podem ser feitas, exclusivamente, pela internet no site\u00a0<a rel=\"noreferrer noopener\" href=\"https:\/\/click.cse360.com.br\/Click\/AddCampaignEmailClick\/33c541ad-1426-41f5-1043-08dcbc5a4f4a\/http%253a%252f%252fwww.institutoconsulplan.org.br%252f\/ac66966e-2b55-4484-fb2c-08dc491eed5f\/jornalistaws@gmail.com\/False\" target=\"_blank\">www.institutoconsulplan.org.br<\/a>, onde o edital tamb\u00e9m est\u00e1 dispon\u00edvel. O valor da taxa de inscri\u00e7\u00e3o \u00e9 de R$ 60,85 para os cargos de n\u00edvel superior e de R$ 47,08 para os cargos de n\u00edvel m\u00e9dio t\u00e9cnico e n\u00edvel m\u00e9dio.\u00a0<\/p>\n\n\n\n<p>Para concorrer aos cargos, o candidato deve ser brasileiro; ter &#8211; na data da nomea\u00e7\u00e3o &#8211; 18 anos completos; estar em dia com as obriga\u00e7\u00f5es resultantes da legisla\u00e7\u00e3o eleitoral e, se do sexo masculino, do Servi\u00e7o Militar; estar em pleno gozo de seus direitos civis e pol\u00edticos; possuir aptid\u00e3o f\u00edsica e mental; possuir e comprovar a escolaridade m\u00ednima, pr\u00e9-requisito para o cargo, realizada em institui\u00e7\u00e3o de ensino reconhecida pelo MEC, \u00e0 \u00e9poca da nomea\u00e7\u00e3o, entre outras exig\u00eancias.\u00a0<\/p>\n\n\n\n<p>Os candidatos inscritos no primeiro per\u00edodo de inscri\u00e7\u00f5es (9 de janeiro de 2020 a 20 de fevereiro de 2020), cujos nomes constaram do edital de homologa\u00e7\u00e3o de inscri\u00e7\u00f5es publicado em 9 de mar\u00e7o de 2020 (dispon\u00edvel em:\u00a0<a rel=\"noreferrer noopener\" href=\"https:\/\/click.cse360.com.br\/Click\/AddCampaignEmailClick\/33c541ad-1426-41f5-1043-08dcbc5a4f4a\/https%253a%252f%252fd676e6gwpn3ec.cloudfront.net%252fconcursos%252f1036%252f21_2518837.pdf\/ac66966e-2b55-4484-fb2c-08dc491eed5f\/jornalistaws@gmail.com\/False\" target=\"_blank\">https:\/\/d676e6gwpn3ec.cloudfront.net\/concursos\/1036\/21_2518837.pdf<\/a>), encontram-se confirmados para o prosseguimento no concurso, resguardado o direito de requerer a devolu\u00e7\u00e3o da inscri\u00e7\u00e3o.\u00a0<\/p>\n\n\n\n<p>As provas ser\u00e3o objetivas de m\u00faltipla escolha de car\u00e1ter eliminat\u00f3rio e classificat\u00f3rio para todos os cargos e acontecer\u00e3o no dia 20 de outubro nas cidades de S\u00e3o Gon\u00e7alo, Niter\u00f3i e Rio de Janeiro. O resultado sai em 26 de novembro.\u00a0<\/p>\n\n\n\n<p><strong><em><sup>S\u00e3o Gon\u00e7alo Vai Mudar. O Maior Portal da Cidade.<\/sup><\/em><\/strong><\/p>\n\n\n\n<figure class=\"wp-block-image size-full\"><img decoding=\"async\" width=\"250\" height=\"87\" src=\"https:\/\/sgvaimudar.com.br\/wp-content\/uploads\/2023\/08\/cropped-Logo.png\" alt=\"\" class=\"wp-image-2739\" \/><\/figure>\n","protected":false},"excerpt":{"rendered":"<p>Processo seletivo havia sido suspenso em 2020 por causa da pandemia A Funda\u00e7\u00e3o Municipal de Assist\u00eancia \u00e0 Sa\u00fade dos Servidores&hellip;<\/p>\n","protected":false},"author":5,"featured_media":10558,"comment_status":"open","ping_status":"open","sticky":false,"template":"","format":"standard","meta":{"fifu_image_url":"","fifu_image_alt":"","footnotes":""},"categories":[3],"tags":[],"class_list":["post-10557","post","type-post","status-publish","format-standard","has-post-thumbnail","hentry","category-sao-goncalo"],"_links":{"self":[{"href":"https:\/\/sgvaimudar.com.br\/index.php\/wp-json\/wp\/v2\/posts\/10557","targetHints":{"allow":["GET"]}}],"collection":[{"href":"https:\/\/sgvaimudar.com.br\/index.php\/wp-json\/wp\/v2\/posts"}],"about":[{"href":"https:\/\/sgvaimudar.com.br\/index.php\/wp-json\/wp\/v2\/types\/post"}],"author":[{"embeddable":true,"href":"https:\/\/sgvaimudar.com.br\/index.php\/wp-json\/wp\/v2\/users\/5"}],"replies":[{"embeddable":true,"href":"https:\/\/sgvaimudar.com.br\/index.php\/wp-json\/wp\/v2\/comments?post=10557"}],"version-history":[{"count":1,"href":"https:\/\/sgvaimudar.com.br\/index.php\/wp-json\/wp\/v2\/posts\/10557\/revisions"}],"predecessor-version":[{"id":10559,"href":"https:\/\/sgvaimudar.com.br\/index.php\/wp-json\/wp\/v2\/posts\/10557\/revisions\/10559"}],"wp:featuredmedia":[{"embeddable":true,"href":"https:\/\/sgvaimudar.com.br\/index.php\/wp-json\/wp\/v2\/media\/10558"}],"wp:attachment":[{"href":"https:\/\/sgvaimudar.com.br\/index.php\/wp-json\/wp\/v2\/media?parent=10557"}],"wp:term":[{"taxonomy":"category","embeddable":true,"href":"https:\/\/sgvaimudar.com.br\/index.php\/wp-json\/wp\/v2\/categories?post=10557"},{"taxonomy":"post_tag","embeddable":true,"href":"https:\/\/sgvaimudar.com.br\/index.php\/wp-json\/wp\/v2\/tags?post=10557"}],"curies":[{"name":"wp","href":"https:\/\/api.w.org\/{rel}","templated":true}]}}