{"id":10551,"date":"2024-08-15T10:44:44","date_gmt":"2024-08-15T13:44:44","guid":{"rendered":"https:\/\/sgvaimudar.com.br\/?p=10551"},"modified":"2024-08-15T10:56:57","modified_gmt":"2024-08-15T13:56:57","slug":"mpe-aponta-inelegibilidade-e-promotoria-pede-impugnacao-de-candidata-a-vice-prefeita","status":"publish","type":"post","link":"https:\/\/sgvaimudar.com.br\/index.php\/2024\/08\/15\/mpe-aponta-inelegibilidade-e-promotoria-pede-impugnacao-de-candidata-a-vice-prefeita\/","title":{"rendered":"MPE aponta inelegibilidade e Promotoria pede impugna\u00e7\u00e3o de candidata \u00e0 vice-prefeita"},"content":{"rendered":"\n<p><em>Intelig\u00eancia Artificial (IA) do Registro de Candidaturas identificou as irregularidades da candidata em S\u00e3o Gon\u00e7alo<\/em><\/p>\n\n\n\n<p>O Minist\u00e9rio P\u00fablico Eleitoral (MPE) solicitou a impugna\u00e7\u00e3o do registro de candidatura de Maria Aparecida Panisset ao cargo de vice-prefeita do Munic\u00edpio de S\u00e3o Gon\u00e7alo, pela Federa\u00e7\u00e3o Brasil Esperan\u00e7a (F\u00e9 Brasil). A a\u00e7\u00e3o foi movida pela 135\u00aa Promotoria Eleitoral, com base em irregularidades identificadas pela nova ferramenta de intelig\u00eancia artificial do Minist\u00e9rio P\u00fablico do Estado do Rio de Janeiro (MPRJ), destinada \u00e0 an\u00e1lise dos registros de candidaturas para as elei\u00e7\u00f5es deste ano.<\/p>\n\n\n\n<p>A a\u00e7\u00e3o foi ajuizada ap\u00f3s o rob\u00f4 usado pelo sistema ter apontado Panisset tem quatro condena\u00e7\u00f5es por improbidade administrativa transitadas em julgado, senten\u00e7as que lhe tiraram os direitos pol\u00edticos por per\u00edodos que variam entre tr\u00eas cinco anos.<\/p>\n\n\n\n<p>O sistema apontou uma condena\u00e7\u00e3o com pena mais longa, oito anos de inelegibilidade, imposta pelo ju\u00edzo da 3\u00aa &nbsp;Vara C\u00edvel de S\u00e3o Gon\u00e7alo. Nesse processo ela foi condenada por danos ao patrim\u00f4nio p\u00fablico e enriquecimento il\u00edcito, ficando ineleg\u00edvel at\u00e9 2031.<\/p>\n\n\n\n<p>Al\u00e9m das condena\u00e7\u00f5es judiciais o rob\u00f4 apontou decis\u00f5es tomadas contra ela pelos tribunais de conta do estado do Rio de Janeiro e Uni\u00e3o.<\/p>\n\n\n\n<p><strong>Panissets nas p\u00e1ginas policiais<\/strong><\/p>\n\n\n\n<p>Em abril de 2018 o ex-deputado M\u00e1rcio Panisset foi preso &nbsp;por posse ilegal de arma de fogo. Ele&nbsp;foi detido em casa ap\u00f3s agentes da 79\u00aa DP (Jurujuba), ap\u00f3s o Grupo de Atua\u00e7\u00e3o Especial de Combate ao Crime Organizado (Gaeco) do Minist\u00e9rio P\u00fablico cumprir um&nbsp;mandado de busca e apreens\u00e3o na resid\u00eancia.&nbsp;<\/p>\n\n\n\n<p>O pol\u00edtico&nbsp;foi encaminhado para a unidade e seguiu para a pris\u00e3o. O Minist\u00e9rio P\u00fablico informou que o processo contra o ex-deputado corre em segredo de justi\u00e7a.<\/p>\n\n\n\n<p>Irm\u00e3o da ex-prefeita de S\u00e3o Gon\u00e7alo Aparecida Panisset, M\u00e1rcio&nbsp;j\u00e1 foi secret\u00e1rio de Sa\u00fade da cidade por duas vezes, ambas em gest\u00f5es da irm\u00e3. No ano de 2016, o ex-deputado teve seus bens bloqueados por supostas fraudes na pasta.<\/p>\n\n\n\n<p>A reportagem tentou entrar em contato com a assessoria de Panisset mas, at\u00e9 o momento da publica\u00e7\u00e3o, n\u00e3o houve retorno. O espa\u00e7o est\u00e1 aberto para manifesta\u00e7\u00e3o.<\/p>\n\n\n\n<p>Procurados tamb\u00e9m, o presidente nacional do PDT, Carlos Lupi, e o presidente da legenda em S\u00e3o Gon\u00e7alo, &nbsp;Brizola Neto, n\u00e3o se manifestaram.<\/p>\n\n\n\n<p><strong><em><sub>S\u00e3o Gon\u00e7alo Vai Mudar. O Maior Portal da Cidade.<\/sub><\/em><\/strong><\/p>\n\n\n\n<figure class=\"wp-block-image size-full\"><img decoding=\"async\" width=\"251\" height=\"88\" src=\"https:\/\/sgvaimudar.com.br\/wp-content\/uploads\/2023\/08\/Logo.png\" alt=\"\" class=\"wp-image-2738\" \/><\/figure>\n","protected":false},"excerpt":{"rendered":"<p>Intelig\u00eancia Artificial (IA) do Registro de Candidaturas identificou as irregularidades da candidata em S\u00e3o Gon\u00e7alo O Minist\u00e9rio P\u00fablico Eleitoral (MPE)&hellip;<\/p>\n","protected":false},"author":5,"featured_media":10552,"comment_status":"open","ping_status":"open","sticky":false,"template":"","format":"standard","meta":{"fifu_image_url":"","fifu_image_alt":"","footnotes":""},"categories":[3],"tags":[],"class_list":["post-10551","post","type-post","status-publish","format-standard","has-post-thumbnail","hentry","category-sao-goncalo"],"_links":{"self":[{"href":"https:\/\/sgvaimudar.com.br\/index.php\/wp-json\/wp\/v2\/posts\/10551","targetHints":{"allow":["GET"]}}],"collection":[{"href":"https:\/\/sgvaimudar.com.br\/index.php\/wp-json\/wp\/v2\/posts"}],"about":[{"href":"https:\/\/sgvaimudar.com.br\/index.php\/wp-json\/wp\/v2\/types\/post"}],"author":[{"embeddable":true,"href":"https:\/\/sgvaimudar.com.br\/index.php\/wp-json\/wp\/v2\/users\/5"}],"replies":[{"embeddable":true,"href":"https:\/\/sgvaimudar.com.br\/index.php\/wp-json\/wp\/v2\/comments?post=10551"}],"version-history":[{"count":2,"href":"https:\/\/sgvaimudar.com.br\/index.php\/wp-json\/wp\/v2\/posts\/10551\/revisions"}],"predecessor-version":[{"id":10561,"href":"https:\/\/sgvaimudar.com.br\/index.php\/wp-json\/wp\/v2\/posts\/10551\/revisions\/10561"}],"wp:featuredmedia":[{"embeddable":true,"href":"https:\/\/sgvaimudar.com.br\/index.php\/wp-json\/wp\/v2\/media\/10552"}],"wp:attachment":[{"href":"https:\/\/sgvaimudar.com.br\/index.php\/wp-json\/wp\/v2\/media?parent=10551"}],"wp:term":[{"taxonomy":"category","embeddable":true,"href":"https:\/\/sgvaimudar.com.br\/index.php\/wp-json\/wp\/v2\/categories?post=10551"},{"taxonomy":"post_tag","embeddable":true,"href":"https:\/\/sgvaimudar.com.br\/index.php\/wp-json\/wp\/v2\/tags?post=10551"}],"curies":[{"name":"wp","href":"https:\/\/api.w.org\/{rel}","templated":true}]}}