{"id":10433,"date":"2024-08-12T14:00:00","date_gmt":"2024-08-12T17:00:00","guid":{"rendered":"https:\/\/sgvaimudar.com.br\/?p=10433"},"modified":"2024-08-12T11:05:21","modified_gmt":"2024-08-12T14:05:21","slug":"ex-ministro-da-fazenda-delfim-netto-morre-aos-96-anos","status":"publish","type":"post","link":"https:\/\/sgvaimudar.com.br\/index.php\/2024\/08\/12\/ex-ministro-da-fazenda-delfim-netto-morre-aos-96-anos\/","title":{"rendered":"Ex-ministro da Fazenda Delfim Netto morre aos 96 anos"},"content":{"rendered":"\n<p><em>Ele foi um dos mais influentes economistas do pa\u00eds e influenciou governos de direita e esquerda ap\u00f3s a redemocratiza\u00e7\u00e3o<\/em><\/p>\n\n\n\n<p>Ant\u00f4nio Delfim Netto, ex-ministro da Fazenda, da Agricultura e do Planejamento e ex-deputado federal, morreu na madrugada desta segunda-feira (12), aos 96 anos. Ele foi um dos mais influentes economistas do pa\u00eds, com papel fundamental para o chamado &#8220;milagre econ\u00f4mico&#8221; da ditadura militar e influ\u00eancia em governos de direita e de esquerda ap\u00f3s a redemocratiza\u00e7\u00e3o.<\/p>\n\n\n\n<p>Delfim Netto estava internado desde o dia 5 de agosto no Hospital Albert Einstein, na Zona Sul de S\u00e3o Paulo, por conta de complica\u00e7\u00f5es em seu quadro de sa\u00fade. A assessoria dele n\u00e3o informou o motivo da interna\u00e7\u00e3o.<\/p>\n\n\n\n<p>O ex-ministro deixa uma filha e um neto. N\u00e3o haver\u00e1 vel\u00f3rio aberto, e o enterro ser\u00e1 restrito aos familiares.<\/p>\n\n\n\n<p>Um dos mais influentes economistas do pa\u00eds, Delfim Netto foi o mais jovem ministro da Fazenda a ocupar o cargo. Ele tinha 38 anos quando assumiu a pasta, em 1967, e comandou a economia nos governos militares de Costa e Silva e M\u00e9dici. Foi um dos respons\u00e1veis pelo chamado &#8220;milagre econ\u00f4mico&#8221; e tamb\u00e9m um dos ministros que assinaram, em 1968, o Ato Institucional n\u00famero 5, o AI-5, o mais repressivo da ditadura militar.<\/p>\n\n\n\n<p>O ex-ministro tamb\u00e9m ficou conhecido por incentivar o investimento estrangeiro no Brasil e as exporta\u00e7\u00f5es do pa\u00eds. \u00c9 dessa \u00e9poca uma de suas frases mais emblem\u00e1ticas: &#8220;\u00c9 preciso fazer o bolo crescer para depois dividi-lo&#8221;.<\/p>\n\n\n\n<p>&#8220;N\u00e3o teve milagre nenhum. O milagre \u00e9 efeito sem causa. Nossos brasileiros trabalharam, cresceram. Todo mundo melhorou. Uns melhoraram mais que outros. \u00c9 por isso que se diz que n\u00e3o, a distribui\u00e7\u00e3o de renda piorou. A distribui\u00e7\u00e3o de renda, o \u00edndice mede dist\u00e2ncia entre pessoas. A dist\u00e2ncia entre pessoas cresceu, mas todos melhoraram&#8221;, afirmou Delfim Netto em entrevista de 2014.<\/p>\n\n\n\n<p>Ap\u00f3s deixar o cargo na Fazenda, ocupou o posto de embaixador do Brasil na Fran\u00e7a, em 1975, durante o governo de Ernesto Geisel. No governo de Jo\u00e3o Figueiredo, assumiu o Minist\u00e9rio da Agricultura e, em seguida, o do Planejamento. Depois da redemocratiza\u00e7\u00e3o, foi eleito deputado federal por cinco mandatos consecutivos e permaneceu como figura de destaque nos meios econ\u00f4mico e pol\u00edtico, tendo sido, inclusive, conselheiro de presidentes petistas e de empres\u00e1rios.<\/p>\n\n\n\n<p>Neto de imigrantes italianos, Ant\u00f4nio Delfim Netto nasceu em 1928 e cresceu no Cambuci, bairro oper\u00e1rio da regi\u00e3o central de S\u00e3o Paulo.<\/p>\n\n\n\n<p>Ele se formou na terceira turma do curso de economia da Universidade de S\u00e3o Paulo, em 1951, foi professor assistente e se tornou catedr\u00e1tico em 1963. Recebeu o t\u00edtulo de professor em\u00e9rito da Faculdade de Economia, Administra\u00e7\u00e3o e Contabilidade da USP.<\/p>\n\n\n\n<p>Delfim Netto foi um dos mais longevos ministros da Fazenda do pa\u00eds, cargo que assumiu um ano ap\u00f3s ter sido nomeado secret\u00e1rio da Fazenda do Estado de S\u00e3o Paulo. Ele permaneceu no comando do minist\u00e9rio entre 1967 e 1974. Foi durante esse per\u00edodo que o pa\u00eds viveu o per\u00edodo de forte expans\u00e3o da economia, conhecido como &#8220;milagre econ\u00f4mico&#8221;.<\/p>\n\n\n\n<p>Ap\u00f3s deixar a Fazenda, ele se tornou embaixador do Brasil na Fran\u00e7a (1975-1977). Em 1979, assumiu o Minist\u00e9rio da Agricultura, para depois ficar no comando do Minist\u00e9rio do Planejamento entre 1979 e 1985.<\/p>\n\n\n\n<p>Como ministro do Planejamento, na d\u00e9cada de 1980, comandou a economia brasileira durante a segunda maior crise financeira mundial do s\u00e9culo 20, causada pelo choque dos pre\u00e7os do petr\u00f3leo e pela eleva\u00e7\u00e3o dos juros americanos para quase 22% ao ano.<\/p>\n\n\n\n<p>Ap\u00f3s o fim do regime militar, participou das elei\u00e7\u00f5es em 1986 e se elegeu deputado constituinte. Foi reeleito para a C\u00e2mara dos Deputados por outros quatro mandatos consecutivos.<\/p>\n\n\n\n<p>Na gest\u00e3o Fernando Henrique Cardoso, elogiou as privatiza\u00e7\u00f5es e a abertura econ\u00f4mica. Neste per\u00edodo, se tornou presidente da Comiss\u00e3o de Finan\u00e7as e Tributa\u00e7\u00e3o da C\u00e2mara dos Deputados, aumentando ainda mais a influ\u00eancia nos debates econ\u00f4micos.<\/p>\n\n\n\n<p>Delfim se tornou um dos principais conselheiros econ\u00f4micos nos primeiros governos de Lula e no de Dilma Rousseff. Tamb\u00e9m ajudou Michel Temer na forma\u00e7\u00e3o de uma nova equipe.<\/p>\n\n\n\n<p><strong>Esc\u00e2ndalos <\/strong><\/p>\n\n\n\n<p>Ainda na d\u00e9cada de 1980, Delfim Netto se viu envolvido em um esc\u00e2ndalo financeiro do regime militar. Ele foi acusado de desviar recursos p\u00fablicos na forma de empr\u00e9stimo da Caixa Econ\u00f4mica Federal ao empres\u00e1rio Assis Paim, dono do grupo Coroa-Brastel.<\/p>\n\n\n\n<p>O grupo emitiu letras de c\u00e2mbio sem lastro, provocando um rombo, \u00e0 \u00e9poca, de 231 bilh\u00f5es de cruzeiros, o equivalente a mais de 300 milh\u00f5es de reais. Em 1994, Delfim foi absolvido das acusa\u00e7\u00f5es pelo Supremo Tribunal Federal.<\/p>\n\n\n\n<p>Ele tamb\u00e9m foi alvo da opera\u00e7\u00e3o Lava Jato em 2018. Segundo o Minist\u00e9rio P\u00fablico, o economista recebeu propina das construtoras que venceram a licita\u00e7\u00e3o da Usina Belo Monte. \u00c1 Pol\u00edcia Federal, Delfim negou as acusa\u00e7\u00f5es e disse que fez servi\u00e7os de consultoria \u00e0 empresa.<\/p>\n\n\n\n<p>Em 2014, Delfim Netto doou para a Faculdade de Economia, Administra\u00e7\u00e3o e Contabilidade da Universidade de S\u00e3o Paulo (FEA\/USP) sua biblioteca pessoal, com um acervo de mais de 100 mil livros e 90 mil revistas, acumulados em quase oito d\u00e9cadas. Foram inclu\u00eddas obras hist\u00f3ricas com livros originais de Adam Smith e John Keynes. Tamb\u00e9m foi doado seu mobili\u00e1rio, criando um espa\u00e7o que reproduz sua sala de leitura.<\/p>\n\n\n\n<p>O ex-ministro tem mais de 10 livros publicados sobre problemas da economia brasileira e centenas de artigos e estudos.<\/p>\n\n\n\n<p>Ele escrevia semanalmente para os jornais &#8220;Folha de S.Paulo&#8221; e &#8220;Valor Econ\u00f4mico&#8221; e para a revista &#8220;Carta Capital&#8221;. Seus artigos eram tamb\u00e9m publicados regularmente em cerca de 70 peri\u00f3dicos de todo o pa\u00eds.<\/p>\n\n\n\n<p><em>Fonte G1<\/em><\/p>\n\n\n\n<figure class=\"wp-block-image size-full\"><img decoding=\"async\" width=\"251\" height=\"88\" src=\"https:\/\/sgvaimudar.com.br\/wp-content\/uploads\/2023\/08\/Logo.png\" alt=\"\" class=\"wp-image-2738\" \/><\/figure>\n\n\n\n<p> <\/p>\n\n\n\n<p><\/p>\n","protected":false},"excerpt":{"rendered":"<p>Ele foi um dos mais influentes economistas do pa\u00eds e influenciou governos de direita e esquerda ap\u00f3s a redemocratiza\u00e7\u00e3o Ant\u00f4nio&hellip;<\/p>\n","protected":false},"author":5,"featured_media":10434,"comment_status":"open","ping_status":"open","sticky":false,"template":"","format":"standard","meta":{"fifu_image_url":"","fifu_image_alt":"","footnotes":""},"categories":[4],"tags":[],"class_list":["post-10433","post","type-post","status-publish","format-standard","has-post-thumbnail","hentry","category-brasil"],"_links":{"self":[{"href":"https:\/\/sgvaimudar.com.br\/index.php\/wp-json\/wp\/v2\/posts\/10433","targetHints":{"allow":["GET"]}}],"collection":[{"href":"https:\/\/sgvaimudar.com.br\/index.php\/wp-json\/wp\/v2\/posts"}],"about":[{"href":"https:\/\/sgvaimudar.com.br\/index.php\/wp-json\/wp\/v2\/types\/post"}],"author":[{"embeddable":true,"href":"https:\/\/sgvaimudar.com.br\/index.php\/wp-json\/wp\/v2\/users\/5"}],"replies":[{"embeddable":true,"href":"https:\/\/sgvaimudar.com.br\/index.php\/wp-json\/wp\/v2\/comments?post=10433"}],"version-history":[{"count":1,"href":"https:\/\/sgvaimudar.com.br\/index.php\/wp-json\/wp\/v2\/posts\/10433\/revisions"}],"predecessor-version":[{"id":10435,"href":"https:\/\/sgvaimudar.com.br\/index.php\/wp-json\/wp\/v2\/posts\/10433\/revisions\/10435"}],"wp:featuredmedia":[{"embeddable":true,"href":"https:\/\/sgvaimudar.com.br\/index.php\/wp-json\/wp\/v2\/media\/10434"}],"wp:attachment":[{"href":"https:\/\/sgvaimudar.com.br\/index.php\/wp-json\/wp\/v2\/media?parent=10433"}],"wp:term":[{"taxonomy":"category","embeddable":true,"href":"https:\/\/sgvaimudar.com.br\/index.php\/wp-json\/wp\/v2\/categories?post=10433"},{"taxonomy":"post_tag","embeddable":true,"href":"https:\/\/sgvaimudar.com.br\/index.php\/wp-json\/wp\/v2\/tags?post=10433"}],"curies":[{"name":"wp","href":"https:\/\/api.w.org\/{rel}","templated":true}]}}