{"id":10387,"date":"2024-08-11T18:00:00","date_gmt":"2024-08-11T21:00:00","guid":{"rendered":"https:\/\/sgvaimudar.com.br\/?p=10387"},"modified":"2024-08-11T08:15:44","modified_gmt":"2024-08-11T11:15:44","slug":"policia-conclui-que-nao-houve-racismo-em-abordagem-a-adolescentes-em-ipanema","status":"publish","type":"post","link":"https:\/\/sgvaimudar.com.br\/index.php\/2024\/08\/11\/policia-conclui-que-nao-houve-racismo-em-abordagem-a-adolescentes-em-ipanema\/","title":{"rendered":"Pol\u00edcia conclui que n\u00e3o houve racismo em abordagem a adolescentes em Ipanema"},"content":{"rendered":"\n<p><em>Tr\u00eas filhos de diplomatas negros e dois brancos foram revistados por dois PMs, em julho. Nenhum dos jovens relatou qualquer palavra ofensiva, xingamento, de cunho racial ou discriminat\u00f3ria<\/em><\/p>\n\n\n\n<p>A Delegacia de Atendimento ao Turista (Deat) concluiu nesta sexta-feira (9) a investiga\u00e7\u00e3o sobre a abordagem de policiais a quatro adolescentes (tr\u00eas deles negros, filhos de diplomatas), no \u00faltimo m\u00eas de julho, em uma ria de Ipanema, Zona Sul do Rio.<\/p>\n\n\n\n<p>Para os investigadores, n\u00e3o houve \u201co crime de inj\u00faria racial, modalidade t\u00edpica do crime de racismo ou do pr\u00f3prio crime de racismo\u201d praticado pelos dois agentes. O caso agora foi encaminhado para o Minist\u00e9rio P\u00fablico.<\/p>\n\n\n\n<p>No relat\u00f3rio final da Pol\u00edcia Civil, a delegada Danielle Bulus Ara\u00fajo diz que \u201cnos depoimentos dos quatro menores abordados n\u00e3o foi relatado o uso de palavras ofensivas,\u00a0xingamentos, palavras com cunho racial, discriminat\u00f3rias ou humilhante por parte dos PMs\u201d.<\/p>\n\n\n\n<p>Imagens de c\u00e2meras corporais de policiais que patrulhavam a regi\u00e3o revelaram que, minutos antes, PMs haviam sido abordados por um turista estrangeiro, relatando que teria sido v\u00edtima de roubo de um cord\u00e3o, o que foi corroborado por outros dois homens. Esses acrescentaram que o ladr\u00e3o usou uma faca grande durante o crime. \u201cOs homens descrevem para os policiais as caracter\u00edsticas dos roubadores e eles saem com as viaturas para tentar localizar o grupo de criminosos\u201d, diz o relat\u00f3rio do inqu\u00e9rito.<\/p>\n\n\n\n<p>Ainda de acordo com a delegada, os policiais \u201cn\u00e3o elegeram suspeitos com base na cor da pele, estavam atr\u00e1s de suspeitos seguindo a descri\u00e7\u00e3o de v\u00edtimas estrangeiras que tinham acabado de sofrer um crime na praia de Ipanema\u201d.<\/p>\n\n\n\n<p>No documento de 11 p\u00e1ginas a Deat conclui que \u201cna abordagem n\u00e3o houve tratamento diferenciado para ningu\u00e9m. Todos foram revistados, inclusive o adolescente branco teve a revista padr\u00e3o da bolsa escrotal enquanto um dos menores pretos n\u00e3o sofreu a revista\u201d.<\/p>\n\n\n\n<p>Outro trecho do inqu\u00e9rito diz que \u201c&#8230;como os policiais procuravam um cord\u00e3o roubado e comumente os criminosos engolem cord\u00f5es ou escondem na cueca, a revista se deu tamb\u00e9m nas partes \u00edntimas seguindo o padr\u00e3o de abordagem nesses casos em que se busca esse tipo de \u2018res furtiva\u2019 (produto do roubo). Do que se depreende das imagens obtidas e dos depoimentos prestados, n\u00e3o houve dolo do crime de inj\u00faria racial, modalidade t\u00edpica do crime de racismo ou do pr\u00f3prio crime de racismo&#8221;.<\/p>\n\n\n\n<p><strong>M\u00e3e reclamou da abordagem<\/strong><\/p>\n\n\n\n<p>Tr\u00eas filhos de diplomatas negros estavam na Rua Prudente de Moraes acompanhados de outros dois meninos brancos, que s\u00e3o brasileiros. Eles deixavam um amigo em casa quando foram abordados. A fam\u00edlia de um dos brasileiros denunciou, em posts em redes sociais, que considerou a abordagem racista. Na Pol\u00edcia Civil, nada relacionado a qualquer ato racista foi mencionado.<\/p>\n\n\n\n<p>A embaixatriz do Gab\u00e3o, m\u00e3e de um dos menores abordados tamb\u00e9m criticou a abordagem, principalmente porque os jovens foram abordados pelos policiais com armas em punho.<\/p>\n\n\n\n<p>Em depoimentos, os adolescentes abordados e testemunhas disseram n\u00e3o ter ouvido qualquer palavra de cunho racial,\u00a0e que os policiais agiram da mesma forma com todos.<\/p>\n\n\n\n<h2 class=\"wp-block-heading\">PROCESSO<\/h2>\n\n\n\n<p>Ap\u00f3s a divulga\u00e7\u00e3o do relat\u00f3rio, a m\u00e3e de um dos adolescentes argumentou que &#8220;o racismo vai muito al\u00e9m de proferir palavras racistas&#8221; e afirmou, por exemplo, que os adolescentes foram orientados a n\u00e3o sair mais ap\u00f3s a revista, porque poderiam ser alvos de nova abordagem. Tamb\u00e9m afirma que seguir\u00e1 com o processo at\u00e9 a \u00faltima inst\u00e2ncia.<\/p>\n\n\n\n<p>A advogada que representa a fam\u00edlia diz ainda que a &#8220;c\u00e2mera interna do pr\u00e9dio registrou o momento da abordagem dos policiais junto aos adolescentes e mostra que o menino branco n\u00e3o foi alvo da a\u00e7\u00e3o violenta, podendo ingressar no pr\u00e9dio sem ser interpelado&#8221;. A defesa afirma que espera que o Minist\u00e9rio P\u00fablico do RJ ofere\u00e7a a den\u00fancia pelo crime de racismo.<\/p>\n\n\n\n<p><em>Fonte: G1<\/em><\/p>\n\n\n\n<p><strong><em><sup>S\u00e3o Gon\u00e7alo Vai Mudar. O Maior Portal da Cidade.<\/sup><\/em><\/strong><\/p>\n\n\n\n<figure class=\"wp-block-image size-large\"><img fetchpriority=\"high\" decoding=\"async\" width=\"1024\" height=\"357\" src=\"https:\/\/sgvaimudar.com.br\/wp-content\/uploads\/2023\/08\/Logo-Provisoria-2-1-1024x357.png\" alt=\"\" class=\"wp-image-2779\" srcset=\"https:\/\/sgvaimudar.com.br\/wp-content\/uploads\/2023\/08\/Logo-Provisoria-2-1-1024x357.png 1024w, https:\/\/sgvaimudar.com.br\/wp-content\/uploads\/2023\/08\/Logo-Provisoria-2-1-300x105.png 300w, https:\/\/sgvaimudar.com.br\/wp-content\/uploads\/2023\/08\/Logo-Provisoria-2-1-768x268.png 768w, https:\/\/sgvaimudar.com.br\/wp-content\/uploads\/2023\/08\/Logo-Provisoria-2-1.png 1470w\" sizes=\"(max-width: 1024px) 100vw, 1024px\" \/><\/figure>\n","protected":false},"excerpt":{"rendered":"<p>Tr\u00eas filhos de diplomatas negros e dois brancos foram revistados por dois PMs, em julho. Nenhum dos jovens relatou qualquer&hellip;<\/p>\n","protected":false},"author":5,"featured_media":10388,"comment_status":"open","ping_status":"open","sticky":false,"template":"","format":"standard","meta":{"fifu_image_url":"","fifu_image_alt":"","footnotes":""},"categories":[32],"tags":[],"class_list":["post-10387","post","type-post","status-publish","format-standard","has-post-thumbnail","hentry","category-casos-de-policia"],"_links":{"self":[{"href":"https:\/\/sgvaimudar.com.br\/index.php\/wp-json\/wp\/v2\/posts\/10387","targetHints":{"allow":["GET"]}}],"collection":[{"href":"https:\/\/sgvaimudar.com.br\/index.php\/wp-json\/wp\/v2\/posts"}],"about":[{"href":"https:\/\/sgvaimudar.com.br\/index.php\/wp-json\/wp\/v2\/types\/post"}],"author":[{"embeddable":true,"href":"https:\/\/sgvaimudar.com.br\/index.php\/wp-json\/wp\/v2\/users\/5"}],"replies":[{"embeddable":true,"href":"https:\/\/sgvaimudar.com.br\/index.php\/wp-json\/wp\/v2\/comments?post=10387"}],"version-history":[{"count":1,"href":"https:\/\/sgvaimudar.com.br\/index.php\/wp-json\/wp\/v2\/posts\/10387\/revisions"}],"predecessor-version":[{"id":10389,"href":"https:\/\/sgvaimudar.com.br\/index.php\/wp-json\/wp\/v2\/posts\/10387\/revisions\/10389"}],"wp:featuredmedia":[{"embeddable":true,"href":"https:\/\/sgvaimudar.com.br\/index.php\/wp-json\/wp\/v2\/media\/10388"}],"wp:attachment":[{"href":"https:\/\/sgvaimudar.com.br\/index.php\/wp-json\/wp\/v2\/media?parent=10387"}],"wp:term":[{"taxonomy":"category","embeddable":true,"href":"https:\/\/sgvaimudar.com.br\/index.php\/wp-json\/wp\/v2\/categories?post=10387"},{"taxonomy":"post_tag","embeddable":true,"href":"https:\/\/sgvaimudar.com.br\/index.php\/wp-json\/wp\/v2\/tags?post=10387"}],"curies":[{"name":"wp","href":"https:\/\/api.w.org\/{rel}","templated":true}]}}