{"id":10378,"date":"2024-08-11T14:00:00","date_gmt":"2024-08-11T17:00:00","guid":{"rendered":"https:\/\/sgvaimudar.com.br\/?p=10378"},"modified":"2024-08-11T07:51:54","modified_gmt":"2024-08-11T10:51:54","slug":"deputada-zeidan-retira-candidatura-a-prefeitura-de-itaborai-para-cuidar-da-saude","status":"publish","type":"post","link":"https:\/\/sgvaimudar.com.br\/index.php\/2024\/08\/11\/deputada-zeidan-retira-candidatura-a-prefeitura-de-itaborai-para-cuidar-da-saude\/","title":{"rendered":"Deputada Zeidan retira candidatura \u00e0 Prefeitura de Itabora\u00ed para cuidar da sa\u00fade"},"content":{"rendered":"\n<p><em>A suspeita de um carcinoma obrigou Zeidan a realizar uma cirurgia recente e a limitar suas agendas<\/em><\/p>\n\n\n\n<p>A deputada estadual Zeidan, ao seguir recomenda\u00e7\u00e3o m\u00e9dica de n\u00e3o se expor ao sol e as agendas intensas, n\u00e3o seguir\u00e1 em campanha pela Prefeitura de Itabora\u00ed. O an\u00fancio foi feito na tarde deste s\u00e1bado (10).<\/p>\n\n\n\n<p>A suspeita de um carcinoma obrigou Zeidan a realizar uma cirurgia recente e a limitar suas agendas, principalmente de exposi\u00e7\u00e3o ao sol.<\/p>\n\n\n\n<p>&#8220;Neste momento, preciso cuidar da minha sa\u00fade. N\u00f3s mulheres sabemos que a nossa dedica\u00e7\u00e3o em tudo \u00e9 sempre muito intensa e agora n\u00e3o posso seguir com afinco uma campanha como deve ser, restringindo as atividades e principalmente a exposi\u00e7\u00e3o ao sol. Acredito que a Federa\u00e7\u00e3o Brasil da Esperan\u00e7a escolher\u00e1 uma chapa forte para seguir nossa miss\u00e3o em ter uma cidade de Itabora\u00ed muito melhor&#8221;, postou Zeidan.<\/p>\n\n\n\n<p>Ao lado do filho Diego Zeidan e do deputado federal Washington Quaqu\u00e1, Zeidan afirmou que continuar\u00e1 a trabalhar por Itabora\u00ed.<\/p>\n\n\n\n<p>&#8220;Coloquei meu nome \u00e0 disposi\u00e7\u00e3o do PT e da Federa\u00e7\u00e3o Brasil da Esperan\u00e7a para as elei\u00e7\u00f5es de 2024 porque realmente acredito que podemos vencer e trazer para Itabora\u00ed todas as pol\u00edticas sociais que ajudei a implementar em Maric\u00e1, levando qualidade de vida e orgulho ao povo. O sonho n\u00e3o est\u00e1 encerrado, em meu caso como pr\u00e9-candidata, apenas adiado. T\u00e3o logo recupere a certeza de minha sa\u00fade restabelecida por completo, estarei com todos voc\u00eas nas lutas por melhores condi\u00e7\u00f5es de vida para o nosso povo&#8221;, finalizou.<\/p>\n\n\n\n<p>A deputada estadual Zeidan segue em seu terceiro mandato na Alerj, onde ocupa a vice-presid\u00eancia da Casa.<\/p>\n\n\n\n<p><strong><em><sup>S\u00e3o Gon\u00e7alo Vai Mudar. O Maior Portal da Cidade.<\/sup><\/em><\/strong><\/p>\n\n\n\n<figure class=\"wp-block-image size-full\"><img decoding=\"async\" width=\"317\" height=\"110\" src=\"https:\/\/sgvaimudar.com.br\/wp-content\/uploads\/2023\/08\/cropped-Logo-Provisoria-2-2.png\" alt=\"\" class=\"wp-image-2782\" srcset=\"https:\/\/sgvaimudar.com.br\/wp-content\/uploads\/2023\/08\/cropped-Logo-Provisoria-2-2.png 317w, https:\/\/sgvaimudar.com.br\/wp-content\/uploads\/2023\/08\/cropped-Logo-Provisoria-2-2-300x104.png 300w\" sizes=\"(max-width: 317px) 100vw, 317px\" \/><\/figure>\n","protected":false},"excerpt":{"rendered":"<p>A suspeita de um carcinoma obrigou Zeidan a realizar uma cirurgia recente e a limitar suas agendas A deputada estadual&hellip;<\/p>\n","protected":false},"author":5,"featured_media":10379,"comment_status":"open","ping_status":"open","sticky":false,"template":"","format":"standard","meta":{"fifu_image_url":"","fifu_image_alt":"","footnotes":""},"categories":[4],"tags":[],"class_list":["post-10378","post","type-post","status-publish","format-standard","has-post-thumbnail","hentry","category-brasil"],"_links":{"self":[{"href":"https:\/\/sgvaimudar.com.br\/index.php\/wp-json\/wp\/v2\/posts\/10378","targetHints":{"allow":["GET"]}}],"collection":[{"href":"https:\/\/sgvaimudar.com.br\/index.php\/wp-json\/wp\/v2\/posts"}],"about":[{"href":"https:\/\/sgvaimudar.com.br\/index.php\/wp-json\/wp\/v2\/types\/post"}],"author":[{"embeddable":true,"href":"https:\/\/sgvaimudar.com.br\/index.php\/wp-json\/wp\/v2\/users\/5"}],"replies":[{"embeddable":true,"href":"https:\/\/sgvaimudar.com.br\/index.php\/wp-json\/wp\/v2\/comments?post=10378"}],"version-history":[{"count":1,"href":"https:\/\/sgvaimudar.com.br\/index.php\/wp-json\/wp\/v2\/posts\/10378\/revisions"}],"predecessor-version":[{"id":10380,"href":"https:\/\/sgvaimudar.com.br\/index.php\/wp-json\/wp\/v2\/posts\/10378\/revisions\/10380"}],"wp:featuredmedia":[{"embeddable":true,"href":"https:\/\/sgvaimudar.com.br\/index.php\/wp-json\/wp\/v2\/media\/10379"}],"wp:attachment":[{"href":"https:\/\/sgvaimudar.com.br\/index.php\/wp-json\/wp\/v2\/media?parent=10378"}],"wp:term":[{"taxonomy":"category","embeddable":true,"href":"https:\/\/sgvaimudar.com.br\/index.php\/wp-json\/wp\/v2\/categories?post=10378"},{"taxonomy":"post_tag","embeddable":true,"href":"https:\/\/sgvaimudar.com.br\/index.php\/wp-json\/wp\/v2\/tags?post=10378"}],"curies":[{"name":"wp","href":"https:\/\/api.w.org\/{rel}","templated":true}]}}