{"id":10329,"date":"2024-08-10T09:50:49","date_gmt":"2024-08-10T12:50:49","guid":{"rendered":"https:\/\/sgvaimudar.com.br\/?p=10329"},"modified":"2024-08-10T09:55:12","modified_gmt":"2024-08-10T12:55:12","slug":"passageiro-que-perdeu-o-aviao-que-caiu-em-sp-trabalha-em-hospital-de-araruama-e-conta-como-foi-o-milagre","status":"publish","type":"post","link":"https:\/\/sgvaimudar.com.br\/index.php\/2024\/08\/10\/passageiro-que-perdeu-o-aviao-que-caiu-em-sp-trabalha-em-hospital-de-araruama-e-conta-como-foi-o-milagre\/","title":{"rendered":"Passageiro, que perdeu o avi\u00e3o que caiu em SP, trabalha em Hospital de Araruama e conta como foi o milagre"},"content":{"rendered":"\n<p><em>Segundo passageiro, em cima da hora do embarque houve uma confus\u00e3o e uma  troca de companhia a\u00e9rea<\/em><\/p>\n\n\n\n<p>Um passageiro que perdeu o voo no avi\u00e3o que saiu de Cascav\u00e9l, no Oste do Paran\u00e1, e caiu na tarde desta sexta-feira (9), em Vinhedo, S\u00e3o Paulo, contou que foi Deus que salvou a sua vida.<\/p>\n\n\n\n<figure class=\"wp-block-video\"><video height=\"480\" style=\"aspect-ratio: 848 \/ 480;\" width=\"848\" controls src=\"https:\/\/sgvaimudar.com.br\/wp-content\/uploads\/2024\/08\/WhatsApp-Video-2024-08-09-at-19.04.46.mp4\"><\/video><\/figure>\n\n\n\n<p>Segundo Adriano Assis, que trabalha no Hospital Roberto Chabo, em Araruama, ele ia fazer uma conex\u00e3o para chegar mais r\u00e1pido em casa para se preparar para o Dia dos Pais, mas gra\u00e7as a uma confus\u00e3o na hora do embarque ele n\u00e3o saiu do Aeroporto Regional de\u00a0Cascavel. O avi\u00e3o tinha como destino\u00a0Guarulhos, em S\u00e3o Paulo.<\/p>\n\n\n\n<p>No avi\u00e3o que caiu estavam a bordo 57 passageiros e 4 tripulantes, segundo a Voepass Linhas A\u00e9reas, antiga Passaredo, companhia a\u00e9rea dona da aeronave. N\u00e3o houve sobreviventes, conforme a Prefeitura de Vinhedo.<\/p>\n\n\n\n<p>&#8220;Fiquei esperando um tempo no hal do segundo andar quando de repente me chamaram e disseram que erraram o voo. Gra\u00e7as a Deus n\u00e3o entrei naquele avi\u00e3o&#8221;, disse Adriano.<\/p>\n\n\n\n<figure class=\"wp-block-image size-large\"><img fetchpriority=\"high\" decoding=\"async\" width=\"768\" height=\"1024\" src=\"https:\/\/sgvaimudar.com.br\/wp-content\/uploads\/2024\/08\/WhatsApp-Image-2024-08-09-at-19.06.51-768x1024.jpeg\" alt=\"\" class=\"wp-image-10331\" srcset=\"https:\/\/sgvaimudar.com.br\/wp-content\/uploads\/2024\/08\/WhatsApp-Image-2024-08-09-at-19.06.51-768x1024.jpeg 768w, https:\/\/sgvaimudar.com.br\/wp-content\/uploads\/2024\/08\/WhatsApp-Image-2024-08-09-at-19.06.51-225x300.jpeg 225w, https:\/\/sgvaimudar.com.br\/wp-content\/uploads\/2024\/08\/WhatsApp-Image-2024-08-09-at-19.06.51-1152x1536.jpeg 1152w, https:\/\/sgvaimudar.com.br\/wp-content\/uploads\/2024\/08\/WhatsApp-Image-2024-08-09-at-19.06.51.jpeg 1200w\" sizes=\"(max-width: 768px) 100vw, 768px\" \/><\/figure>\n\n\n\n<p><strong>Na foto: Adriano Assis, que trabalha na TI de todos os hospitais do Grupo Ideas no Brasil, junto com um funcion\u00e1rio que se chama Rodrigo.<\/strong><\/p>\n\n\n\n<p>Segundo a Voepass Linhas A\u00e9reas, trata-se de um avi\u00e3o turbo\u00e9lice de passageiros, modelo ATR-72.<\/p>\n\n\n\n<p>Hospitais de Vinhedo e Valinhos, cidade vizinha, fizeram mobiliza\u00e7\u00e3o para receber poss\u00edveis feridos. O Corpo de Bombeiros, a Defesa Civil e a Pol\u00edcia Militar atendem a ocorr\u00eancia no local.<\/p>\n\n\n\n<p>A For\u00e7a A\u00e9rea Brasileira (FAB) informou que investigadores do Quarto Servi\u00e7o Regional de Investiga\u00e7\u00e3o e Preven\u00e7\u00e3o de Acidentes Aeron\u00e1uticos (Seripa IV), \u00f3rg\u00e3o regional do Centro de Investiga\u00e7\u00e3o e Preven\u00e7\u00e3o de Acidentes Aeron\u00e1uticos (Cenipa), localizados em S\u00e3o Paulo, est\u00e3o a caminho para realizar a &#8220;a\u00e7\u00e3o Inicial da ocorr\u00eancia&#8221;.<\/p>\n\n\n\n<p>O Aeroporto Regional de Cascavel informou que faz uma opera\u00e7\u00e3o padr\u00e3o de emerg\u00eancia para ajudar as fam\u00edlias das v\u00edtimas que estavam na aeronave.<\/p>\n\n\n\n<p><strong><em><sup>S\u00e3o Gon\u00e7alo Vai Mudar. O Maior Portal da Cidade.<\/sup><\/em><\/strong><\/p>\n\n\n\n<figure class=\"wp-block-image size-large\"><img decoding=\"async\" width=\"1024\" height=\"321\" src=\"https:\/\/sgvaimudar.com.br\/wp-content\/uploads\/2023\/08\/Logo-Provisoria-2-1024x321.png\" alt=\"\" class=\"wp-image-2777\" srcset=\"https:\/\/sgvaimudar.com.br\/wp-content\/uploads\/2023\/08\/Logo-Provisoria-2-1024x321.png 1024w, https:\/\/sgvaimudar.com.br\/wp-content\/uploads\/2023\/08\/Logo-Provisoria-2-300x94.png 300w, https:\/\/sgvaimudar.com.br\/wp-content\/uploads\/2023\/08\/Logo-Provisoria-2-768x241.png 768w, https:\/\/sgvaimudar.com.br\/wp-content\/uploads\/2023\/08\/Logo-Provisoria-2-1536x482.png 1536w, https:\/\/sgvaimudar.com.br\/wp-content\/uploads\/2023\/08\/Logo-Provisoria-2-2048x642.png 2048w\" sizes=\"(max-width: 1024px) 100vw, 1024px\" \/><\/figure>\n","protected":false},"excerpt":{"rendered":"<p>Segundo passageiro, em cima da hora do embarque houve uma confus\u00e3o e uma troca de companhia a\u00e9rea Um passageiro que&hellip;<\/p>\n","protected":false},"author":5,"featured_media":10332,"comment_status":"open","ping_status":"open","sticky":false,"template":"","format":"standard","meta":{"fifu_image_url":"","fifu_image_alt":"","footnotes":""},"categories":[4],"tags":[],"class_list":["post-10329","post","type-post","status-publish","format-standard","has-post-thumbnail","hentry","category-brasil"],"_links":{"self":[{"href":"https:\/\/sgvaimudar.com.br\/index.php\/wp-json\/wp\/v2\/posts\/10329","targetHints":{"allow":["GET"]}}],"collection":[{"href":"https:\/\/sgvaimudar.com.br\/index.php\/wp-json\/wp\/v2\/posts"}],"about":[{"href":"https:\/\/sgvaimudar.com.br\/index.php\/wp-json\/wp\/v2\/types\/post"}],"author":[{"embeddable":true,"href":"https:\/\/sgvaimudar.com.br\/index.php\/wp-json\/wp\/v2\/users\/5"}],"replies":[{"embeddable":true,"href":"https:\/\/sgvaimudar.com.br\/index.php\/wp-json\/wp\/v2\/comments?post=10329"}],"version-history":[{"count":2,"href":"https:\/\/sgvaimudar.com.br\/index.php\/wp-json\/wp\/v2\/posts\/10329\/revisions"}],"predecessor-version":[{"id":10335,"href":"https:\/\/sgvaimudar.com.br\/index.php\/wp-json\/wp\/v2\/posts\/10329\/revisions\/10335"}],"wp:featuredmedia":[{"embeddable":true,"href":"https:\/\/sgvaimudar.com.br\/index.php\/wp-json\/wp\/v2\/media\/10332"}],"wp:attachment":[{"href":"https:\/\/sgvaimudar.com.br\/index.php\/wp-json\/wp\/v2\/media?parent=10329"}],"wp:term":[{"taxonomy":"category","embeddable":true,"href":"https:\/\/sgvaimudar.com.br\/index.php\/wp-json\/wp\/v2\/categories?post=10329"},{"taxonomy":"post_tag","embeddable":true,"href":"https:\/\/sgvaimudar.com.br\/index.php\/wp-json\/wp\/v2\/tags?post=10329"}],"curies":[{"name":"wp","href":"https:\/\/api.w.org\/{rel}","templated":true}]}}