{"id":10321,"date":"2024-08-09T20:00:00","date_gmt":"2024-08-09T23:00:00","guid":{"rendered":"https:\/\/sgvaimudar.com.br\/?p=10321"},"modified":"2024-08-09T11:46:20","modified_gmt":"2024-08-09T14:46:20","slug":"claudio-castro-defende-renegociacao-da-divida-dos-estados-e-seguranca-publica-integrada-na-abertura-do-cosud-no-espirito-santo","status":"publish","type":"post","link":"https:\/\/sgvaimudar.com.br\/index.php\/2024\/08\/09\/claudio-castro-defende-renegociacao-da-divida-dos-estados-e-seguranca-publica-integrada-na-abertura-do-cosud-no-espirito-santo\/","title":{"rendered":"Cl\u00e1udio Castro defende renegocia\u00e7\u00e3o da d\u00edvida dos estados e seguran\u00e7a p\u00fablica integrada na abertura do Cosud, no Esp\u00edrito Santo"},"content":{"rendered":"\n<p><em>Encontro re\u00fane governadores do Sul e do Sudeste para refor\u00e7ar a coopera\u00e7\u00e3o das duas regi\u00f5es<\/em><\/p>\n\n\n\n<p>O governador Cl\u00e1udio Castro ressaltou a necessidade de mudan\u00e7as na renegocia\u00e7\u00e3o da d\u00edvida p\u00fablica e refor\u00e7ou a necessidade de tratar os problemas na seguran\u00e7a p\u00fablica sob uma perspectiva nacional durante a abertura da 11\u00aa edi\u00e7\u00e3o do Cons\u00f3rcio de Integra\u00e7\u00e3o Sul e Sudeste (Cosud), na regi\u00e3o de Pedra Azul, no Esp\u00edrito Santo. O encontro come\u00e7ou nesta quinta-feira (08\/08) e vai at\u00e9 s\u00e1bado (10\/08). Durante tr\u00eas dias, o Cosud Pedra Azul ter\u00e1 como temas centrais a necessidade de adapta\u00e7\u00e3o \u00e0s mudan\u00e7as clim\u00e1ticas, a reforma tribut\u00e1ria e seguran\u00e7a p\u00fablica, tema recorrente de edi\u00e7\u00f5es anteriores.<\/p>\n\n\n\n<figure class=\"wp-block-image size-large\"><img fetchpriority=\"high\" decoding=\"async\" width=\"1024\" height=\"683\" src=\"https:\/\/sgvaimudar.com.br\/wp-content\/uploads\/2024\/08\/PSX_20240808_185618-1024x683.jpg\" alt=\"\" class=\"wp-image-10322\" srcset=\"https:\/\/sgvaimudar.com.br\/wp-content\/uploads\/2024\/08\/PSX_20240808_185618-1024x683.jpg 1024w, https:\/\/sgvaimudar.com.br\/wp-content\/uploads\/2024\/08\/PSX_20240808_185618-300x200.jpg 300w, https:\/\/sgvaimudar.com.br\/wp-content\/uploads\/2024\/08\/PSX_20240808_185618-768x512.jpg 768w, https:\/\/sgvaimudar.com.br\/wp-content\/uploads\/2024\/08\/PSX_20240808_185618-1536x1024.jpg 1536w, https:\/\/sgvaimudar.com.br\/wp-content\/uploads\/2024\/08\/PSX_20240808_185618-2048x1365.jpg 2048w\" sizes=\"(max-width: 1024px) 100vw, 1024px\" \/><\/figure>\n\n\n\n<p>&#8220;Nosso debate vai muito al\u00e9m de uma perspectiva de ajuda. Mas sim de um Brasil que volte a crescer. Precisamos que a d\u00edvida dos estados seja revista de maneira justa. O Sul e o Sudeste s\u00e3o as regi\u00f5es que mais ajudam o pa\u00eds. N\u00e3o podemos continuar assim, com uma d\u00edvida impag\u00e1vel&#8221;, destacou o governador.<\/p>\n\n\n\n<p>Sobre a seguran\u00e7a p\u00fablica, Castro afirmou que \u00e9 preciso um trabalho integrado.<\/p>\n\n\n\n<p>&#8220;O debate sobre seguran\u00e7a p\u00fablica, precisa levar em considera\u00e7\u00e3o a rota da criminalidade nas fronteiras, lavagem de dinheiro, entre outros pontos. Esse problema precisa ser tratado como uma quest\u00e3o de todo o Brasil. Precisamos de um trabalho colaborativo e integrado. Se n\u00e3o for assim, continuaremos sugando dinheiro de outras \u00e1reas para tentar conter essa situa\u00e7\u00e3o. A gente tem que come\u00e7ar a pensar que Brasil queremos no futuro&#8221;, disse o governador do Rio.<\/p>\n\n\n\n<p>Renato Casagrande, governador do Esp\u00edrito Santo, ressaltou a import\u00e2ncia do Cosud e de debater temas em comum entre os estados do Sul e Sudeste.<\/p>\n\n\n\n<p>&#8220;N\u00f3s fomos as \u00faltimas regi\u00f5es a organizar um cons\u00f3rcio. Demorou at\u00e9 percebermos que unidos temos mais for\u00e7a. \u00c9 necess\u00e1ria essa integra\u00e7\u00e3o e consolida\u00e7\u00e3o do Cosud. Vamos tratar aqui de temas importantes e que afligem todos os estados. Desse encontro, eu creio que vamos levar muita coisa boa para os nossos estados. O Sul e Sudeste s\u00e3o grandes instrumentos para o desenvolvimento do pa\u00eds&#8221;, afirmou Casagrande.<\/p>\n\n\n\n<p>A abertura do encontro contou a participa\u00e7\u00e3o do ministro da Justi\u00e7a e Seguran\u00e7a P\u00fablica, Ricardo Lewandowski, al\u00e9m do anfitri\u00e3o do evento, o governador Renato Casagrande, e dos governadores Tarc\u00edsio de Freitas, de S\u00e3o Paulo, Romeu Zema, de Minas Gerais, Eduardo Leite, do Rio Grande do Sul, e Jorginho Melo, de Santa Catarina.<\/p>\n\n\n\n<p>Nesta sexta-feira (09\/08), segundo dia do Cosud Pedra Azul, ser\u00e3o realizados 14 grupos de trabalho (GTs), que acontecer\u00e3o em pontos diferentes da regi\u00e3o tur\u00edstica. Ser\u00e3o debatidos nos GTs temas ligados \u00e0 sa\u00fade, educa\u00e7\u00e3o, meio ambiente, agricultura, desenvolvimento econ\u00f4mico, infraestrutura, direitos humanos e pol\u00edticas para mulheres, esporte, turismo, cultura e outros.<\/p>\n\n\n\n<p><em>Fotos Ernesto Carri\u00e7o e Marcelo Regua<\/em><\/p>\n\n\n\n<p><strong><em><sup>S\u00e3o Gon\u00e7alo Vai Mudar. O Maior Portal da Cidade.<\/sup><\/em><\/strong><\/p>\n\n\n\n<figure class=\"wp-block-image size-full\"><img decoding=\"async\" width=\"317\" height=\"111\" src=\"https:\/\/sgvaimudar.com.br\/wp-content\/uploads\/2023\/08\/Logo-Provisoria-2-2.png\" alt=\"\" class=\"wp-image-2781\" srcset=\"https:\/\/sgvaimudar.com.br\/wp-content\/uploads\/2023\/08\/Logo-Provisoria-2-2.png 317w, https:\/\/sgvaimudar.com.br\/wp-content\/uploads\/2023\/08\/Logo-Provisoria-2-2-300x105.png 300w\" sizes=\"(max-width: 317px) 100vw, 317px\" \/><\/figure>\n","protected":false},"excerpt":{"rendered":"<p>Encontro re\u00fane governadores do Sul e do Sudeste para refor\u00e7ar a coopera\u00e7\u00e3o das duas regi\u00f5es O governador Cl\u00e1udio Castro ressaltou&hellip;<\/p>\n","protected":false},"author":5,"featured_media":10323,"comment_status":"open","ping_status":"open","sticky":false,"template":"","format":"standard","meta":{"fifu_image_url":"","fifu_image_alt":"","footnotes":""},"categories":[4],"tags":[],"class_list":["post-10321","post","type-post","status-publish","format-standard","has-post-thumbnail","hentry","category-brasil"],"_links":{"self":[{"href":"https:\/\/sgvaimudar.com.br\/index.php\/wp-json\/wp\/v2\/posts\/10321","targetHints":{"allow":["GET"]}}],"collection":[{"href":"https:\/\/sgvaimudar.com.br\/index.php\/wp-json\/wp\/v2\/posts"}],"about":[{"href":"https:\/\/sgvaimudar.com.br\/index.php\/wp-json\/wp\/v2\/types\/post"}],"author":[{"embeddable":true,"href":"https:\/\/sgvaimudar.com.br\/index.php\/wp-json\/wp\/v2\/users\/5"}],"replies":[{"embeddable":true,"href":"https:\/\/sgvaimudar.com.br\/index.php\/wp-json\/wp\/v2\/comments?post=10321"}],"version-history":[{"count":1,"href":"https:\/\/sgvaimudar.com.br\/index.php\/wp-json\/wp\/v2\/posts\/10321\/revisions"}],"predecessor-version":[{"id":10324,"href":"https:\/\/sgvaimudar.com.br\/index.php\/wp-json\/wp\/v2\/posts\/10321\/revisions\/10324"}],"wp:featuredmedia":[{"embeddable":true,"href":"https:\/\/sgvaimudar.com.br\/index.php\/wp-json\/wp\/v2\/media\/10323"}],"wp:attachment":[{"href":"https:\/\/sgvaimudar.com.br\/index.php\/wp-json\/wp\/v2\/media?parent=10321"}],"wp:term":[{"taxonomy":"category","embeddable":true,"href":"https:\/\/sgvaimudar.com.br\/index.php\/wp-json\/wp\/v2\/categories?post=10321"},{"taxonomy":"post_tag","embeddable":true,"href":"https:\/\/sgvaimudar.com.br\/index.php\/wp-json\/wp\/v2\/tags?post=10321"}],"curies":[{"name":"wp","href":"https:\/\/api.w.org\/{rel}","templated":true}]}}