{"id":10292,"date":"2024-08-09T09:53:14","date_gmt":"2024-08-09T12:53:14","guid":{"rendered":"https:\/\/sgvaimudar.com.br\/?p=10292"},"modified":"2024-08-09T09:53:15","modified_gmt":"2024-08-09T12:53:15","slug":"morre-mulher-estuprada-e-esfaqueada-na-praia-da-barra-familia-acusa-ex-marido","status":"publish","type":"post","link":"https:\/\/sgvaimudar.com.br\/index.php\/2024\/08\/09\/morre-mulher-estuprada-e-esfaqueada-na-praia-da-barra-familia-acusa-ex-marido\/","title":{"rendered":"Morre mulher estuprada e esfaqueada na Praia da Barra; fam\u00edlia acusa ex-marido"},"content":{"rendered":"\n<p><em>Crime ocorreu por volta das 18h40 desta quinta-feira na altura do Condom\u00ednio Barra Leme. V\u00edtima chegou a ser socorrida por bombeiros e levada para hospital, mas n\u00e3o resistiu aos ferimentos<\/em><\/p>\n\n\n\n<p>A mulher que foi estuprada e esfaqueada na Praia da Barra da Tijuca, na Zona Oeste do Rio, no in\u00edcio da noite desta quinta-feira (8),\u00a0n\u00e3o resistiu aos ferimentos e morreu, segundo a PM. N\u00e1dia Aparecida Aleves Laje, de 50 anos, era empregada dom\u00e9stica e tinha acabado de sair do trabalho quando foi atacada.<\/p>\n\n\n\n<p>A fam\u00edlia de N\u00e1dia acusa o ex-marido dela pelo crime.&nbsp;Parentes disseram que eles se separaram h\u00e1 2 meses, e o homem n\u00e3o aceitava o t\u00e9rmino do relacionamento. O casal teve 3 filhos.<\/p>\n\n\n\n<p>O caso foi registrado na 16\u00aa DP (Barra), que tenta localizar o estuprador.<\/p>\n\n\n\n<p>O crime ocorreu por volta das 18h40 na altura do Condom\u00ednio Barra Leme. Bombeiros do Grupamento Mar\u00edtimo da Barra foram acionados por testemunhas pouco antes das 19h e socorreram N\u00e1dia.<\/p>\n\n\n\n<p>A dom\u00e9stica foi levada para o Hospital Municipal Louren\u00e7o Jorge, tamb\u00e9m na Barra, mas acabou perdendo a vida.<\/p>\n\n\n\n<h2 class=\"wp-block-heading\">Impot\u00eancia &#8211; <\/h2>\n\n\n\n<p>Uma testemunha ouviu os gritos de socorro da mulher e foi ajudar. \u201cO rapaz colocou ela dentro da vegeta\u00e7\u00e3o. Estava montado em cima dela, golpeando com v\u00e1rias facadas. Quando eu vi, eu falei pra ele: \u2018O que est\u00e1 acontecendo!?\u2019\u201d, narrou.<\/p>\n\n\n\n<p>\u201cEle saiu correndo com a faca na minha dire\u00e7\u00e3o, eu me afastei, e depois fomos socorrer a mo\u00e7a.\u00a0A cena foi desesperadora, de impot\u00eancia\u201d, emendou. O agressor fugiu em dire\u00e7\u00e3o \u00e0 Rua Tenente Airton Pereira.<\/p>\n\n\n\n<p><em>Fonte: G1<\/em><\/p>\n\n\n\n<figure class=\"wp-block-image size-large\"><img fetchpriority=\"high\" decoding=\"async\" width=\"1024\" height=\"321\" src=\"https:\/\/sgvaimudar.com.br\/wp-content\/uploads\/2023\/08\/Logo-Provisoria-2-1024x321.png\" alt=\"\" class=\"wp-image-2777\" srcset=\"https:\/\/sgvaimudar.com.br\/wp-content\/uploads\/2023\/08\/Logo-Provisoria-2-1024x321.png 1024w, https:\/\/sgvaimudar.com.br\/wp-content\/uploads\/2023\/08\/Logo-Provisoria-2-300x94.png 300w, https:\/\/sgvaimudar.com.br\/wp-content\/uploads\/2023\/08\/Logo-Provisoria-2-768x241.png 768w, https:\/\/sgvaimudar.com.br\/wp-content\/uploads\/2023\/08\/Logo-Provisoria-2-1536x482.png 1536w, https:\/\/sgvaimudar.com.br\/wp-content\/uploads\/2023\/08\/Logo-Provisoria-2-2048x642.png 2048w\" sizes=\"(max-width: 1024px) 100vw, 1024px\" \/><\/figure>\n","protected":false},"excerpt":{"rendered":"<p>Crime ocorreu por volta das 18h40 desta quinta-feira na altura do Condom\u00ednio Barra Leme. V\u00edtima chegou a ser socorrida por&hellip;<\/p>\n","protected":false},"author":5,"featured_media":10293,"comment_status":"open","ping_status":"open","sticky":false,"template":"","format":"standard","meta":{"fifu_image_url":"","fifu_image_alt":"","footnotes":""},"categories":[32],"tags":[],"class_list":["post-10292","post","type-post","status-publish","format-standard","has-post-thumbnail","hentry","category-casos-de-policia"],"_links":{"self":[{"href":"https:\/\/sgvaimudar.com.br\/index.php\/wp-json\/wp\/v2\/posts\/10292","targetHints":{"allow":["GET"]}}],"collection":[{"href":"https:\/\/sgvaimudar.com.br\/index.php\/wp-json\/wp\/v2\/posts"}],"about":[{"href":"https:\/\/sgvaimudar.com.br\/index.php\/wp-json\/wp\/v2\/types\/post"}],"author":[{"embeddable":true,"href":"https:\/\/sgvaimudar.com.br\/index.php\/wp-json\/wp\/v2\/users\/5"}],"replies":[{"embeddable":true,"href":"https:\/\/sgvaimudar.com.br\/index.php\/wp-json\/wp\/v2\/comments?post=10292"}],"version-history":[{"count":1,"href":"https:\/\/sgvaimudar.com.br\/index.php\/wp-json\/wp\/v2\/posts\/10292\/revisions"}],"predecessor-version":[{"id":10294,"href":"https:\/\/sgvaimudar.com.br\/index.php\/wp-json\/wp\/v2\/posts\/10292\/revisions\/10294"}],"wp:featuredmedia":[{"embeddable":true,"href":"https:\/\/sgvaimudar.com.br\/index.php\/wp-json\/wp\/v2\/media\/10293"}],"wp:attachment":[{"href":"https:\/\/sgvaimudar.com.br\/index.php\/wp-json\/wp\/v2\/media?parent=10292"}],"wp:term":[{"taxonomy":"category","embeddable":true,"href":"https:\/\/sgvaimudar.com.br\/index.php\/wp-json\/wp\/v2\/categories?post=10292"},{"taxonomy":"post_tag","embeddable":true,"href":"https:\/\/sgvaimudar.com.br\/index.php\/wp-json\/wp\/v2\/tags?post=10292"}],"curies":[{"name":"wp","href":"https:\/\/api.w.org\/{rel}","templated":true}]}}