{"id":10241,"date":"2024-08-08T11:00:00","date_gmt":"2024-08-08T14:00:00","guid":{"rendered":"https:\/\/sgvaimudar.com.br\/?p=10241"},"modified":"2024-08-08T08:28:51","modified_gmt":"2024-08-08T11:28:51","slug":"alerj-aprova-medalha-tiradentes-para-ginasta-rebeca-andrade-maior-destaque-do-brasil-na-olimpiada-de-paris","status":"publish","type":"post","link":"https:\/\/sgvaimudar.com.br\/index.php\/2024\/08\/08\/alerj-aprova-medalha-tiradentes-para-ginasta-rebeca-andrade-maior-destaque-do-brasil-na-olimpiada-de-paris\/","title":{"rendered":"Alerj aprova Medalha Tiradentes para ginasta Rebeca Andrade maior destaque do Brasil na Olimp\u00edada de Paris"},"content":{"rendered":"\n<p><em>A homenagem n\u00e3o se deve somente ao grande feito da atleta em ter conquistado quatro medalhas nestes Jogos de 2024, sendo uma de ouro, mas por sua atua\u00e7\u00e3o na\u00a0luta contra o racismo, sendo uma voz em prol da igualdade, diversidade e justi\u00e7a social.\u00a0Na Olimp\u00edada de T\u00f3quio, ele j\u00e1 havia conquistado outras duas medalhas.<\/em><\/p>\n\n\n\n<p>Recordista de medalhas ol\u00edmpicas pelo Brasil, com seis no total, sendo duas de ouro, Rebeca Andrade ser\u00e1 agraciada com a Medalha Tiradentes, maior honraria concedida pela Assembleia Legislativa do Estado do Rio de Janeiro (Alerj). <\/p>\n\n\n\n<p>O Projeto de Resolu\u00e7\u00e3o 763\/24, de autoria original do deputado Professor Josemar (PSol), foi aprovado nesta ter\u00e7a-feira (06\/08), em discuss\u00e3o \u00fanica, exatamente um dia ap\u00f3s Rebeca ter conquistado a medalha de ouro na modalidade solo nas Olimp\u00edadas de Paris.<\/p>\n\n\n\n<p>Professor Josemar afirmou que a condecora\u00e7\u00e3o de Rebeca Andrade com a Medalha Tiradentes n\u00e3o se deve somente \u00e0s suas conquistas esportivas, mas tamb\u00e9m \u00e9 um reconhecimento pelo seu papel na luta&nbsp;contra o racismo, sendo uma voz em prol da igualdade, da diversidade e da justi\u00e7a social. O parlamentar tamb\u00e9m abriu coautoria a todos os deputados presentes na sess\u00e3o.<\/p>\n\n\n\n<p>\u201cEla emergiu como uma verdadeira inspira\u00e7\u00e3o n\u00e3o apenas pelos seus recordes e conquistas, mas tamb\u00e9m por sua jornada pessoal, marcada por desafios e obst\u00e1culos que ela superou com graciosidade e firmeza. Como mulher negra em um esporte historicamente dominado por atletas de outras origens \u00e9tnicas, Rebeca n\u00e3o apenas quebrou barreiras, mas redefiniu os limites do que \u00e9 poss\u00edvel alcan\u00e7ar\u201d, declarou o parlamentar.<\/p>\n\n\n\n<p><strong>Hist\u00f3rico de conquistas<\/strong><\/p>\n\n\n\n<p>A medalha ol\u00edmpica de ouro no solo, em Paris, foi a segunda de Rebeca, j\u00e1 que ela tamb\u00e9m foi campe\u00e3 da disputa de salto nas Olimp\u00edadas de T\u00f3quio. Al\u00e9m dos dois ouros, Rebeca ainda ganhou em Paris duas medalhas de prata, no salto e no individual geral, bem como um bronze por equipes. J\u00e1 em T\u00f3quio, ela ainda ganhou medalha de prata no individual geral. Natural de Guarulhos, em S\u00e3o Paulo, a ginasta estreou em Jogos Ol\u00edmpicos no Rio de Janeiro, em 2016, com apenas 17 anos \u00e0 \u00e9poca.<\/p>\n\n\n\n<p>Todas essas conquistas fizeram com que Rebeca Andrade se consolidasse como a recordista de p\u00f3dios brasileiros em toda a hist\u00f3ria dos Jogos Ol\u00edmpicos. A ginasta desbancou os cinco p\u00f3dios dos velejadores brasileiros Robert Scheidt e Torben Grael. A ginasta, de 25 anos, tamb\u00e9m j\u00e1 foi bicampe\u00e3 mundial no salto, em 2021 e 2023 e campe\u00e3 mundial do individual geral, em 2022.<\/p>\n\n\n\n<p><strong><em><sub>S\u00e3o Gon\u00e7alo Vai Mudar. O Maior Portal da Cidade.<\/sub><\/em><\/strong><\/p>\n\n\n\n<figure class=\"wp-block-image size-full\"><img decoding=\"async\" width=\"317\" height=\"110\" src=\"https:\/\/sgvaimudar.com.br\/wp-content\/uploads\/2023\/08\/cropped-Logo-Provisoria-2-2.png\" alt=\"\" class=\"wp-image-2782\" srcset=\"https:\/\/sgvaimudar.com.br\/wp-content\/uploads\/2023\/08\/cropped-Logo-Provisoria-2-2.png 317w, https:\/\/sgvaimudar.com.br\/wp-content\/uploads\/2023\/08\/cropped-Logo-Provisoria-2-2-300x104.png 300w\" sizes=\"(max-width: 317px) 100vw, 317px\" \/><\/figure>\n","protected":false},"excerpt":{"rendered":"<p>A homenagem n\u00e3o se deve somente ao grande feito da atleta em ter conquistado quatro medalhas nestes Jogos de 2024,&hellip;<\/p>\n","protected":false},"author":5,"featured_media":10242,"comment_status":"open","ping_status":"open","sticky":false,"template":"","format":"standard","meta":{"fifu_image_url":"","fifu_image_alt":"","footnotes":""},"categories":[4],"tags":[],"class_list":["post-10241","post","type-post","status-publish","format-standard","has-post-thumbnail","hentry","category-brasil"],"_links":{"self":[{"href":"https:\/\/sgvaimudar.com.br\/index.php\/wp-json\/wp\/v2\/posts\/10241","targetHints":{"allow":["GET"]}}],"collection":[{"href":"https:\/\/sgvaimudar.com.br\/index.php\/wp-json\/wp\/v2\/posts"}],"about":[{"href":"https:\/\/sgvaimudar.com.br\/index.php\/wp-json\/wp\/v2\/types\/post"}],"author":[{"embeddable":true,"href":"https:\/\/sgvaimudar.com.br\/index.php\/wp-json\/wp\/v2\/users\/5"}],"replies":[{"embeddable":true,"href":"https:\/\/sgvaimudar.com.br\/index.php\/wp-json\/wp\/v2\/comments?post=10241"}],"version-history":[{"count":1,"href":"https:\/\/sgvaimudar.com.br\/index.php\/wp-json\/wp\/v2\/posts\/10241\/revisions"}],"predecessor-version":[{"id":10243,"href":"https:\/\/sgvaimudar.com.br\/index.php\/wp-json\/wp\/v2\/posts\/10241\/revisions\/10243"}],"wp:featuredmedia":[{"embeddable":true,"href":"https:\/\/sgvaimudar.com.br\/index.php\/wp-json\/wp\/v2\/media\/10242"}],"wp:attachment":[{"href":"https:\/\/sgvaimudar.com.br\/index.php\/wp-json\/wp\/v2\/media?parent=10241"}],"wp:term":[{"taxonomy":"category","embeddable":true,"href":"https:\/\/sgvaimudar.com.br\/index.php\/wp-json\/wp\/v2\/categories?post=10241"},{"taxonomy":"post_tag","embeddable":true,"href":"https:\/\/sgvaimudar.com.br\/index.php\/wp-json\/wp\/v2\/tags?post=10241"}],"curies":[{"name":"wp","href":"https:\/\/api.w.org\/{rel}","templated":true}]}}