{"id":10172,"date":"2024-08-07T09:11:22","date_gmt":"2024-08-07T12:11:22","guid":{"rendered":"https:\/\/sgvaimudar.com.br\/?p=10172"},"modified":"2024-08-07T09:30:06","modified_gmt":"2024-08-07T12:30:06","slug":"deficiente-cai-no-onibus-nao-registra-ocorrencia-na-dp-e-nao-move-acao-contra-a-empresa-por-vergonha","status":"publish","type":"post","link":"https:\/\/sgvaimudar.com.br\/index.php\/2024\/08\/07\/deficiente-cai-no-onibus-nao-registra-ocorrencia-na-dp-e-nao-move-acao-contra-a-empresa-por-vergonha\/","title":{"rendered":"Deficiente cai no \u00f4nibus, n\u00e3o registra ocorr\u00eancia na DP e n\u00e3o move a\u00e7\u00e3o contra a empresa por vergonha"},"content":{"rendered":"\n<p>Passageira caiu no ch\u00e3o do coletivo com o arranque que o motorista deu, por volta das 17h, do domingo (4\/7) indo para a fisioterapia em Santa Isabel<\/p>\n\n\n\n<p>Uma deficiente que caiu no ch\u00e3o do \u00f4nibus depois que o motorista arrancou bruscamente com o coletivo  disse que n\u00e3o procurou seus direitos por vergonha. No entanto, a trancista Ana Paula Dutra, nas redes do Portal S\u00e3o Gon\u00e7alo Vai Mudar, fez quest\u00e3o de registrar o que aconteceu para que isso n\u00e3o continue. <\/p>\n\n\n\n<p>&#8220;Gra\u00e7a a Deus que n\u00e3o me machuquei, fiquei com hematomas e s\u00f3 ralei o bra\u00e7o. Em outra situa\u00e7\u00e3o, indo para a igreja, tamb\u00e9m j\u00e1 bati o peito e barriga que ficou vermelho&#8221;, lamentou Dutra.<\/p>\n\n\n\n<p>A v\u00edtima relatou que colocou a postagem porque est\u00e1 cansada de ver os motoristas do 01 Santa Izabel arrancar com mulher com crian\u00e7a de colo e gente de idade se posicionando. &#8220;S\u00e3o poucos motoristas que tem paci\u00eancia&#8221;, salientou a deficiente. <\/p>\n\n\n\n<p>Sobre o fato das pessoas a orientarem nas postagens para fazer uma ocorr\u00eancia no sentido de assegurar os seus direitos, ela disse que s\u00f3 pensou em ir para casa. &#8220;Eu n\u00e3o tirei no dia eu s\u00f3 queria esquecer a vergonha. Se voc\u00ea pegar o \u00f4nibus Santa Izabel 01 voc\u00ea vai entender o que estou falando&#8221;, criticou a menina.<\/p>\n\n\n\n<p>Ao ler o caso, a internauta, Ana Claudia, entendeu que era caso de justi\u00e7a. &#8220;S\u00f3 ir a delegacia, fazer um B.O. (inclusive pela internet), com o n\u00famero do \u00f4nibus e hor\u00e1rio voc\u00ea da entrada no DPVAT. N\u00e3o precisa de advogado. Voc\u00ea mesmo da entrada. Se quiser processar a empresa a\u00ed voc\u00ea vai para a Defensoria P\u00fablica e entra com a a\u00e7\u00e3o&#8221;, orientou na postagem.<\/p>\n\n\n\n<figure class=\"wp-block-image size-full\"><img fetchpriority=\"high\" decoding=\"async\" width=\"540\" height=\"541\" src=\"https:\/\/sgvaimudar.com.br\/wp-content\/uploads\/2024\/08\/447482209_7341874029273496_6138612347779780411_n.jpg\" alt=\"\" class=\"wp-image-10174\" srcset=\"https:\/\/sgvaimudar.com.br\/wp-content\/uploads\/2024\/08\/447482209_7341874029273496_6138612347779780411_n.jpg 540w, https:\/\/sgvaimudar.com.br\/wp-content\/uploads\/2024\/08\/447482209_7341874029273496_6138612347779780411_n-300x300.jpg 300w, https:\/\/sgvaimudar.com.br\/wp-content\/uploads\/2024\/08\/447482209_7341874029273496_6138612347779780411_n-150x150.jpg 150w\" sizes=\"(max-width: 540px) 100vw, 540px\" \/><\/figure>\n\n\n\n<p>Ana Paula Dutra disse que tem sequelas de traumatismo intracraniano e movimenta\u00e7\u00e3o reduzida de um lado do corpo; por isso, \u00e9 lenta na locomo\u00e7\u00e3o. &#8220;Tive derrame ando com um pouco de dificuldade. Mas, situa\u00e7\u00f5es como essas s\u00e3o inadmiss\u00edveis com quem usa o transporte p\u00fablico\u201d, lamentou ela.<\/p>\n\n\n\n<p>A Via\u00e7\u00e3o Santa Isabel foi procurada, mas preferiu o sil\u00eancio.<\/p>\n\n\n\n<p><strong><em><sup>S\u00e3o Gon\u00e7alo Vai Mudar. O Maior Portal da Cidade.<\/sup><\/em><\/strong><\/p>\n\n\n\n<figure class=\"wp-block-image size-large\"><img decoding=\"async\" width=\"1024\" height=\"321\" src=\"https:\/\/sgvaimudar.com.br\/wp-content\/uploads\/2023\/08\/Logo-Provisoria-2-1024x321.png\" alt=\"\" class=\"wp-image-2777\" srcset=\"https:\/\/sgvaimudar.com.br\/wp-content\/uploads\/2023\/08\/Logo-Provisoria-2-1024x321.png 1024w, https:\/\/sgvaimudar.com.br\/wp-content\/uploads\/2023\/08\/Logo-Provisoria-2-300x94.png 300w, https:\/\/sgvaimudar.com.br\/wp-content\/uploads\/2023\/08\/Logo-Provisoria-2-768x241.png 768w, https:\/\/sgvaimudar.com.br\/wp-content\/uploads\/2023\/08\/Logo-Provisoria-2-1536x482.png 1536w, https:\/\/sgvaimudar.com.br\/wp-content\/uploads\/2023\/08\/Logo-Provisoria-2-2048x642.png 2048w\" sizes=\"(max-width: 1024px) 100vw, 1024px\" \/><\/figure>\n\n\n\n<p> <\/p>\n","protected":false},"excerpt":{"rendered":"<p>Passageira caiu no ch\u00e3o do coletivo com o arranque que o motorista deu, por volta das 17h, do domingo (4\/7)&hellip;<\/p>\n","protected":false},"author":5,"featured_media":10173,"comment_status":"open","ping_status":"open","sticky":false,"template":"","format":"standard","meta":{"fifu_image_url":"","fifu_image_alt":"","footnotes":""},"categories":[32],"tags":[],"class_list":["post-10172","post","type-post","status-publish","format-standard","has-post-thumbnail","hentry","category-casos-de-policia"],"_links":{"self":[{"href":"https:\/\/sgvaimudar.com.br\/index.php\/wp-json\/wp\/v2\/posts\/10172","targetHints":{"allow":["GET"]}}],"collection":[{"href":"https:\/\/sgvaimudar.com.br\/index.php\/wp-json\/wp\/v2\/posts"}],"about":[{"href":"https:\/\/sgvaimudar.com.br\/index.php\/wp-json\/wp\/v2\/types\/post"}],"author":[{"embeddable":true,"href":"https:\/\/sgvaimudar.com.br\/index.php\/wp-json\/wp\/v2\/users\/5"}],"replies":[{"embeddable":true,"href":"https:\/\/sgvaimudar.com.br\/index.php\/wp-json\/wp\/v2\/comments?post=10172"}],"version-history":[{"count":2,"href":"https:\/\/sgvaimudar.com.br\/index.php\/wp-json\/wp\/v2\/posts\/10172\/revisions"}],"predecessor-version":[{"id":10177,"href":"https:\/\/sgvaimudar.com.br\/index.php\/wp-json\/wp\/v2\/posts\/10172\/revisions\/10177"}],"wp:featuredmedia":[{"embeddable":true,"href":"https:\/\/sgvaimudar.com.br\/index.php\/wp-json\/wp\/v2\/media\/10173"}],"wp:attachment":[{"href":"https:\/\/sgvaimudar.com.br\/index.php\/wp-json\/wp\/v2\/media?parent=10172"}],"wp:term":[{"taxonomy":"category","embeddable":true,"href":"https:\/\/sgvaimudar.com.br\/index.php\/wp-json\/wp\/v2\/categories?post=10172"},{"taxonomy":"post_tag","embeddable":true,"href":"https:\/\/sgvaimudar.com.br\/index.php\/wp-json\/wp\/v2\/tags?post=10172"}],"curies":[{"name":"wp","href":"https:\/\/api.w.org\/{rel}","templated":true}]}}