{"id":10155,"date":"2024-08-06T15:00:00","date_gmt":"2024-08-06T18:00:00","guid":{"rendered":"https:\/\/sgvaimudar.com.br\/?p=10155"},"modified":"2024-08-06T12:07:21","modified_gmt":"2024-08-06T15:07:21","slug":"morre-adilio-idolo-do-flamengo-aos-68-anos","status":"publish","type":"post","link":"https:\/\/sgvaimudar.com.br\/index.php\/2024\/08\/06\/morre-adilio-idolo-do-flamengo-aos-68-anos\/","title":{"rendered":"Morre Ad\u00edlio, \u00eddolo do Flamengo, aos 68 anos"},"content":{"rendered":"\n<p><em>Ex-jogador estava internado h\u00e1 duas semanas por causa de um c\u00e2ncer no p\u00e2ncreas<\/em><\/p>\n\n\n\n<p>Morreu nesta segunda-feira (5), aos 68 anos, Ad\u00edlio, um dos grandes \u00eddolos da hist\u00f3ria do Flamengo. O ex-jogador estava internado em um hospital particular na Freguesia, Zona Oeste do Rio, h\u00e1 cerca de duas semanas, por causa de um c\u00e2ncer no p\u00e2ncreas.\u00a0O corpo do \u00edcone rubro-negro foi  velado, na manh\u00e3 desta ter\u00e7a-feira, na sede do Flamengo, na G\u00e1vea.<\/p>\n\n\n\n<figure class=\"wp-block-embed is-type-rich is-provider-twitter wp-block-embed-twitter\"><div class=\"wp-block-embed__wrapper\">\n<blockquote class=\"twitter-tweet\" data-width=\"550\" data-dnt=\"true\"><p lang=\"pt\" dir=\"ltr\">Um anjo rubro-negro que voa rumo \u00e0 eternidade.<br><br>As asas de um moleque sonhador o fizeram superar qualquer muro. Os campos da G\u00e1vea constru\u00edram amizades angelicais. Seus p\u00e9s pareciam flutuar com a bola nos p\u00e9s e foi assim que Ad\u00edlio conquistou o mundo vestindo o Manto Sagrado. Seu\u2026 <a href=\"https:\/\/t.co\/PhvCwsu1HR\">pic.twitter.com\/PhvCwsu1HR<\/a><\/p>&mdash; FL4MEN9O (@Flamengo) <a href=\"https:\/\/twitter.com\/Flamengo\/status\/1820477858118029806?ref_src=twsrc%5Etfw\">August 5, 2024<\/a><\/blockquote><script async src=\"https:\/\/platform.twitter.com\/widgets.js\" charset=\"utf-8\"><\/script>\n<\/div><\/figure>\n\n\n\n<p>Em mar\u00e7o, Ad\u00edlio passou por uma cirurgia de emerg\u00eancia\u00a0por causa\u00a0de dores na coluna, que se irradiaram para o est\u00f4mago e abd\u00f4men.\u00a0O procedimento\u00a0foi\u00a0bem-sucedido, mas a condi\u00e7\u00e3o dele voltou a piorar.<\/p>\n\n\n\n<h2 class=\"wp-block-heading\">Vida<\/h2>\n\n\n\n<p>Ad\u00edlio de Oliveira Gon\u00e7alves nasceu em 15 de maio de 1956, na Cruzada S\u00e3o Sebasti\u00e3o, na zona sul do Rio. Filho de Sebasti\u00e3o e Laide Gon\u00e7alves, perdeu os dois muito cedo. O pai morreu quando tinha apenas quatro anos e a m\u00e3e quando ele estava com 14. Os ensinamentos, por\u00e9m, ficaram.<\/p>\n\n\n\n<p>&#8220;Minha m\u00e3e era uma pessoa maravilhosa, me dizia at\u00e9 as coisas que iriam acontecer comigo no futuro. Coisas que eu desconhecia. Minha m\u00e3e tinha uma vis\u00e3o muito boa. Eu tenho at\u00e9 uns tra\u00e7os dela, usei at\u00e9 no campo, antever o lance, trabalhar essa coisa de mente,\u00a0puxar\u00a0uma coisa para voc\u00ea positiva e a coisa acontecer. Isso vem at\u00e9 da minha m\u00e3e&#8221;, disse Ad\u00edlio, em entrevista ao Museu da Pessoa.<\/p>\n\n\n\n<p>&#8220;Eu sempre fui uma pessoa positiva. Pode estar caindo um telhado na minha cabe\u00e7a&#8230; Vai quebrar aqui (a cabe\u00e7a), mas n\u00e3o vai quebrar o que \u00e9 mais correto, que \u00e9 o meu cora\u00e7\u00e3o. Sempre pensei assim. Estou aqui, minha \u00edndole sempre foi a mesma. Fui pelo caminho correto&#8221;, completou posteriormente.<\/p>\n\n\n\n<p>Ele, ali\u00e1s, sempre valorizou os estudos. Ad\u00edlio foi aprovado em psicologia na PUC, mas foi aconselhado pela madrinha a fazer educa\u00e7\u00e3o f\u00edsica. Assim,\u00a0ingressou no curso em outra universidade: &#8220;Eu jogava e estudava. Eu sempre tive\u00a0essa filosofia: &#8216;Craque na bola, craque na escola'&#8221;.<\/p>\n\n\n\n<p>A hist\u00f3ria no Rubro-Negro contou com o aux\u00edlio do grande amigo J\u00falio C\u00e9sar, conhecido como Uri Geller, que j\u00e1, mais tarde, tamb\u00e9m se tornaria um dos \u00eddolos da hist\u00f3ria do clube.<\/p>\n\n\n\n<p>J\u00falio levou\u00a0Ad\u00edlio para fazer um teste, mas\u00a0havia um problema: s\u00f3 poderia entrar quem era s\u00f3cio. A solu\u00e7\u00e3o, ent\u00e3o, foi pular o muro da sede do clube escondido. L\u00e1 dentro, o amigo lhe deu uma camisa de treino e o apresentou ao treinador do futebol de sal\u00e3o.<\/p>\n\n\n\n<p>&#8220;Quando ele (Ad\u00edlio) dominou a bola j\u00e1 foi aprovado. N\u00e3o precisou ver muita coisa tamb\u00e9m, n\u00e3o. O Ad\u00edlio \u00e9 meu irm\u00e3o, batalhamos junto, jogamos em todas as categorias desde o dente de leite. Fomos galgando todas as categorias e chegamos ao lado do time principal. \u00c9 um orgulho muito grande ter levado o meu amigo ao clube certo&#8221;, disse J\u00falio C\u00e9sar, ao Uol, em 2020.<\/p>\n\n\n\n<h2 class=\"wp-block-heading\">Carreira<\/h2>\n\n\n\n<p>Campe\u00e3o mundial com o Flamengo, Ad\u00edlio \u00e9 um dos maiores \u00eddolos do clube. Entre 1975 e 1987, o ex-jogador defendeu a camisa rubro-negra em 617 oportunidades, sendo o terceiro atleta que mais atuou pelo time. Com 129 gols marcados, ele venceu 377 jogos, empatou 148 e perdeu apenas 92 partidas.<\/p>\n\n\n\n<p>Al\u00e9m do t\u00edtulo mundial de 1981, maior conquista da hist\u00f3ria centen\u00e1ria do clube da G\u00e1vea, Ad\u00edlio ganhou tamb\u00e9m uma Libertadores, em 1981, e tr\u00eas Campeonatos Brasileiros, em 1980, 1982 e 1983. Em sua lista de trof\u00e9us, h\u00e1 ainda quatro Campeonatos Cariocas, seis Ta\u00e7as Guanabara e tr\u00eas Ta\u00e7as Rio.<\/p>\n\n\n\n<p>Depois de mais de uma d\u00e9cada defendendo o Flamengo, Ad\u00edlio deixou o clube em 1987 e atuou por diversos times do Brasil e do exterior, se aposentando em 1997.<br>Desde ent\u00e3o, seguiu ligado ao clube carioca e atuou nas divis\u00f5es de base.\u00a0Ele, ali\u00e1s, era o presidente do Flamaster, que re\u00fane uma s\u00e9rie de ex-jogadores e \u00eddolos rubro-negros. No entanto, devido \u00e0 doen\u00e7a,\u00a0se afastou da equipe\u00a0em abril.<\/p>\n\n\n\n<p>Em maio, quando completou 68 anos, Ad\u00edlio foi homenageado com uma festa no rec\u00e9m-inaugurado Museu do Flamengo, na G\u00e1vea, com a presen\u00e7a de v\u00e1rios ex-companheiros.<\/p>\n\n\n\n<p>Em 1987, Ad\u00edlio deixou o Flamengo e foi para o Coritiba. Na sequ\u00eancia, refor\u00e7ou o Barcelona de Guayaquil. L\u00e1, inclusive, ajudou na contrata\u00e7\u00e3o de Edu, irm\u00e3o de Zico, para o cargo de t\u00e9cnico do time.<\/p>\n\n\n\n<p>&#8220;Eles se encantavam com o futebol brasileiro, diziam que era um futebol encantador. Nos treinamentos eu mostrava como tocava a bola, o Edu (irm\u00e3o de Zico) falava bastante, o trabalho dele foi muito bom. Encaixou tudo. A maioria que estava no comando ali era brasileiro, ent\u00e3o ficamos muito amigos e ajudou bastante, a pr\u00f3pria dire\u00e7\u00e3o entendia \u00e0 nossa maneira de jogar futebol, com toque de bola, vontade de fazer gols. Acredito que modernizamos um pouco o futebol de l\u00e1&#8221;, contou Ad\u00edlio, ao ge, em 2022.<\/p>\n\n\n\n<p>O ex-jogador ainda soma passagens por Alianza Lima (PER), outros clubes do futebol brasileiro e Borussia Fuld, da Alemanha.<\/p>\n\n\n\n<h2 class=\"wp-block-heading\">Sele\u00e7\u00e3o Brasileira<\/h2>\n\n\n\n<p>Apesar do brilho no Flamengo, Ad\u00edlio recebeu poucas oportunidades e disputou apenas duas partidas com a camisa da sele\u00e7\u00e3o brasileira. Ainda assim,\u00a0fez valer o tempo que esteve com a Canarinho e\u00a0deu a assist\u00eancia para J\u00fanior marcar o \u00fanico gol da vit\u00f3ria sobre a Alemanha\u00a0Ocidental no\u00a0Maracan\u00e3.<\/p>\n\n\n\n<p>Por outro lado, marcou hist\u00f3ria com a sele\u00e7\u00e3o brasileira de futsal. Ad\u00edlio fez parte do grupo que se sagrou campe\u00e3o da Copa do Mundo da\u00a0modalidade em 1989.<\/p>\n","protected":false},"excerpt":{"rendered":"<p>Ex-jogador estava internado h\u00e1 duas semanas por causa de um c\u00e2ncer no p\u00e2ncreas Morreu nesta segunda-feira (5), aos 68 anos,&hellip;<\/p>\n","protected":false},"author":5,"featured_media":10156,"comment_status":"open","ping_status":"open","sticky":false,"template":"","format":"standard","meta":{"fifu_image_url":"","fifu_image_alt":"","footnotes":""},"categories":[5],"tags":[],"class_list":["post-10155","post","type-post","status-publish","format-standard","has-post-thumbnail","hentry","category-esportes"],"_links":{"self":[{"href":"https:\/\/sgvaimudar.com.br\/index.php\/wp-json\/wp\/v2\/posts\/10155","targetHints":{"allow":["GET"]}}],"collection":[{"href":"https:\/\/sgvaimudar.com.br\/index.php\/wp-json\/wp\/v2\/posts"}],"about":[{"href":"https:\/\/sgvaimudar.com.br\/index.php\/wp-json\/wp\/v2\/types\/post"}],"author":[{"embeddable":true,"href":"https:\/\/sgvaimudar.com.br\/index.php\/wp-json\/wp\/v2\/users\/5"}],"replies":[{"embeddable":true,"href":"https:\/\/sgvaimudar.com.br\/index.php\/wp-json\/wp\/v2\/comments?post=10155"}],"version-history":[{"count":1,"href":"https:\/\/sgvaimudar.com.br\/index.php\/wp-json\/wp\/v2\/posts\/10155\/revisions"}],"predecessor-version":[{"id":10157,"href":"https:\/\/sgvaimudar.com.br\/index.php\/wp-json\/wp\/v2\/posts\/10155\/revisions\/10157"}],"wp:featuredmedia":[{"embeddable":true,"href":"https:\/\/sgvaimudar.com.br\/index.php\/wp-json\/wp\/v2\/media\/10156"}],"wp:attachment":[{"href":"https:\/\/sgvaimudar.com.br\/index.php\/wp-json\/wp\/v2\/media?parent=10155"}],"wp:term":[{"taxonomy":"category","embeddable":true,"href":"https:\/\/sgvaimudar.com.br\/index.php\/wp-json\/wp\/v2\/categories?post=10155"},{"taxonomy":"post_tag","embeddable":true,"href":"https:\/\/sgvaimudar.com.br\/index.php\/wp-json\/wp\/v2\/tags?post=10155"}],"curies":[{"name":"wp","href":"https:\/\/api.w.org\/{rel}","templated":true}]}}