{"id":10088,"date":"2024-08-05T09:10:39","date_gmt":"2024-08-05T12:10:39","guid":{"rendered":"https:\/\/sgvaimudar.com.br\/?p=10088"},"modified":"2024-08-05T09:10:40","modified_gmt":"2024-08-05T12:10:40","slug":"policia-unida-prende-miliciano-durante-operacao-conjunta-em-seropedica","status":"publish","type":"post","link":"https:\/\/sgvaimudar.com.br\/index.php\/2024\/08\/05\/policia-unida-prende-miliciano-durante-operacao-conjunta-em-seropedica\/","title":{"rendered":"Pol\u00edcia unida prende miliciano durante opera\u00e7\u00e3o conjunta em Serop\u00e9dica"},"content":{"rendered":"\n<p><em>Sete fuzis, cinco ve\u00edculos roubados e outros materiais foram apreendidos<\/em><\/p>\n\n\n\n<p class=\"has-text-align-left\">As pol\u00edcias Civil e Militar prenderam um miliciano durante uma opera\u00e7\u00e3o, neste domingo (04\/08), em Serop\u00e9dica, na Baixada Fluminense. Os agentes tamb\u00e9m apreenderam sete fuzis, cinco ve\u00edculos roubados e com caracter\u00edsticas adulteradas, al\u00e9m de coletes bal\u00edsticos, roupas t\u00e1ticas e materiais t\u00edpicos de grupos milicianos.<\/p>\n\n\n\n<p>Participaram da a\u00e7\u00e3o agentes da Delegacia de Repress\u00e3o \u00e0s A\u00e7\u00f5es Criminosas Organizadas e Inqu\u00e9ritos Especiais (Draco), da Delegacia de Repress\u00e3o a Entorpecentes (DRE), da Delegacia de Roubos e Furtos de Cargas (DRFC), da Subsecretaria de Intelig\u00eancia (Ssinte) da Pol\u00edcia Civil e do Grupamento Aerom\u00f3vel (GAM) da Pol\u00edcia Militar.<\/p>\n\n\n\n<p>Al\u00e9m da pris\u00e3o e do material apreendido, durante a opera\u00e7\u00e3o houve confronto e outros dois criminosos foram atingidos e socorridos, mas n\u00e3o resistiram aos ferimentos. <\/p>\n\n\n\n<p>Segundo as investiga\u00e7\u00f5es, os tr\u00eas s\u00e3o integrantes de um grupo paramilitar que atua na regi\u00e3o e foi respons\u00e1vel pelo confronto que vitimou fatalmente o universit\u00e1rio Bernardo Para\u00edso, em abril deste ano, e por ferir duas crian\u00e7as, de 1 e 3 anos, no mesmo dia do assassinato do jovem.<\/p>\n\n\n\n<p>De acordo com os dados, os milicianos s\u00e3o da localidade de Chaper\u00f3, em Itagua\u00ed, na Baixada Fluminense, e ligados a traficantes do Complexo da Mar\u00e9, na Zona Norte da capital do Rio. A organiza\u00e7\u00e3o paramilitar, liderada pelo criminoso &#8220;Bigode&#8221;, recebe suporte da fac\u00e7\u00e3o de tr\u00e1fico de drogas, que fornece homens e\u00a0armamentos. Em contrapartida, a mil\u00edcia autoriza a venda de drogas no munic\u00edpio de Serop\u00e9dica.<\/p>\n\n\n\n<p><strong><em><sup>S\u00e3o Gon\u00e7alo Vai Mudar. O Maior Portal da Cidade.<\/sup><\/em><\/strong><\/p>\n\n\n\n<figure class=\"wp-block-image size-full\"><img decoding=\"async\" width=\"317\" height=\"110\" src=\"https:\/\/sgvaimudar.com.br\/wp-content\/uploads\/2023\/08\/cropped-Logo-Provisoria-2-2.png\" alt=\"\" class=\"wp-image-2782\" srcset=\"https:\/\/sgvaimudar.com.br\/wp-content\/uploads\/2023\/08\/cropped-Logo-Provisoria-2-2.png 317w, https:\/\/sgvaimudar.com.br\/wp-content\/uploads\/2023\/08\/cropped-Logo-Provisoria-2-2-300x104.png 300w\" sizes=\"(max-width: 317px) 100vw, 317px\" \/><\/figure>\n","protected":false},"excerpt":{"rendered":"<p>Sete fuzis, cinco ve\u00edculos roubados e outros materiais foram apreendidos As pol\u00edcias Civil e Militar prenderam um miliciano durante uma&hellip;<\/p>\n","protected":false},"author":5,"featured_media":10089,"comment_status":"open","ping_status":"open","sticky":false,"template":"","format":"standard","meta":{"fifu_image_url":"","fifu_image_alt":"","footnotes":""},"categories":[32],"tags":[],"class_list":["post-10088","post","type-post","status-publish","format-standard","has-post-thumbnail","hentry","category-casos-de-policia"],"_links":{"self":[{"href":"https:\/\/sgvaimudar.com.br\/index.php\/wp-json\/wp\/v2\/posts\/10088","targetHints":{"allow":["GET"]}}],"collection":[{"href":"https:\/\/sgvaimudar.com.br\/index.php\/wp-json\/wp\/v2\/posts"}],"about":[{"href":"https:\/\/sgvaimudar.com.br\/index.php\/wp-json\/wp\/v2\/types\/post"}],"author":[{"embeddable":true,"href":"https:\/\/sgvaimudar.com.br\/index.php\/wp-json\/wp\/v2\/users\/5"}],"replies":[{"embeddable":true,"href":"https:\/\/sgvaimudar.com.br\/index.php\/wp-json\/wp\/v2\/comments?post=10088"}],"version-history":[{"count":1,"href":"https:\/\/sgvaimudar.com.br\/index.php\/wp-json\/wp\/v2\/posts\/10088\/revisions"}],"predecessor-version":[{"id":10090,"href":"https:\/\/sgvaimudar.com.br\/index.php\/wp-json\/wp\/v2\/posts\/10088\/revisions\/10090"}],"wp:featuredmedia":[{"embeddable":true,"href":"https:\/\/sgvaimudar.com.br\/index.php\/wp-json\/wp\/v2\/media\/10089"}],"wp:attachment":[{"href":"https:\/\/sgvaimudar.com.br\/index.php\/wp-json\/wp\/v2\/media?parent=10088"}],"wp:term":[{"taxonomy":"category","embeddable":true,"href":"https:\/\/sgvaimudar.com.br\/index.php\/wp-json\/wp\/v2\/categories?post=10088"},{"taxonomy":"post_tag","embeddable":true,"href":"https:\/\/sgvaimudar.com.br\/index.php\/wp-json\/wp\/v2\/tags?post=10088"}],"curies":[{"name":"wp","href":"https:\/\/api.w.org\/{rel}","templated":true}]}}