{"id":10082,"date":"2024-08-05T08:58:55","date_gmt":"2024-08-05T11:58:55","guid":{"rendered":"https:\/\/sgvaimudar.com.br\/?p=10082"},"modified":"2024-08-05T09:01:56","modified_gmt":"2024-08-05T12:01:56","slug":"niteroiense-fc-e-campeao-da-5a-divisao-estadual-de-2024","status":"publish","type":"post","link":"https:\/\/sgvaimudar.com.br\/index.php\/2024\/08\/05\/niteroiense-fc-e-campeao-da-5a-divisao-estadual-de-2024\/","title":{"rendered":"Niteroiense FC \u00e9 campe\u00e3o da 5\u00aa Divis\u00e3o Estadual de 2024"},"content":{"rendered":"\n<p><em>Time comandado por Maicon Vilela opera atualmente apenas com recursos pr\u00f3prios<\/em><\/p>\n\n\n\n<p>Com nove vit\u00f3rias, tr\u00eas empates, uma derrota, 29 gols marcados e cinco gols sofridos, o Niteroiense Futebol Clube foi campe\u00e3o da S\u00e9rie C, da Quinta Divis\u00e3o Estadual de 2024. Desde o in\u00edcio do ano o time Niter\u00f3i estava lutando pela perman\u00eancia no futebol profissional.\u00a0<\/p>\n\n\n\n<figure class=\"wp-block-video\"><video height=\"640\" style=\"aspect-ratio: 360 \/ 640;\" width=\"360\" controls src=\"https:\/\/sgvaimudar.com.br\/wp-content\/uploads\/2024\/08\/454009936_1236585837706094_7785921098147131538_n.mp4\"><\/video><\/figure>\n\n\n\n<p>Desde 2020 sem um representante no Campeonato Carioca, a cidade vizinha ao Rio de Janeiro acompanhou o retorno do\u00a0Niteroiense FC, time originalmente fundado em 1913, e agora a conquista. <\/p>\n\n\n\n<p>Segundo Maicon Vilela, nascido e criado em Niter\u00f3i, presidente do Niteroiense FC, v\u00e1rias mudan\u00e7a fizeram parte desta nova jornada.<\/p>\n\n\n\n<p> &#8220;O clube est\u00e1 de cara nova, com mudan\u00e7as no escudo e no nome. Tenho certeza de que a gente vai chegar no topo o mais r\u00e1pido poss\u00edvel. A nossa meta hoje \u00e9 em cinco anos estar jogando a S\u00e9rie A. Isso n\u00e3o \u00e9 sonho, \u00e9 uma realidade. Se trabalharmos e colocarmos em pr\u00e1tica, vai acontecer. A gente pode jogar daqui a cinco anos contra Vasco, Flamengo, Botafogo e Fluminense&#8221;, afirmou Vilela.<\/p>\n\n\n\n<p>O time comandado por Maicon opera atualmente apenas com recursos pr\u00f3prios. Al\u00e9m do investimento feito pelos gestores, o clube iniciou a venda de produtos oficiais da marca para ajudar nos custos.<\/p>\n\n\n\n<p>A primeira cole\u00e7\u00e3o com as novas assinaturas do Niteroiense conta com cinco op\u00e7\u00f5es de camisas e um bon\u00e9, que podem ser adquiridos no site da equipe (<a href=\"https:\/\/niteroiense.com.br\">https:\/\/niteroiense.com.br<\/a>). A aposta do presidente \u00e9 que com o apoio dos niteroienses e as conquistas o time chame a aten\u00e7\u00e3o de marcas e consiga patroc\u00ednios para crescer.<\/p>\n\n\n\n<p>&#8220;Acredito muito que investidores v\u00e3o chegar, porque a cidade precisava disso.\u00a0Ent\u00e3o, demos o primeiro\u00a0<em>start<\/em>. A gente precisa acreditar no trabalho. N\u00e3o tem como chegar um patrocinador para algo que n\u00e3o existe ainda. Queremos mostrar pra eles (poss\u00edveis patrocinadores) o projeto, para acreditarem tamb\u00e9m&#8221;, explicou Maicon.<\/p>\n\n\n\n<p>Maicon foi o respons\u00e1vel por comandar os tr\u00e2mites para permitir que a equipe a disputasse o campeonato profissional do estado do Rio.<\/p>\n\n\n\n<p><strong><em>S\u00e3o Gon\u00e7alo Vai Mudar. O Maior Portal da Cidade.<\/em><\/strong><\/p>\n\n\n\n<figure class=\"wp-block-image size-large\"><img fetchpriority=\"high\" decoding=\"async\" width=\"1024\" height=\"321\" src=\"https:\/\/sgvaimudar.com.br\/wp-content\/uploads\/2023\/08\/Logo-Provisoria-2-1024x321.png\" alt=\"\" class=\"wp-image-2777\" srcset=\"https:\/\/sgvaimudar.com.br\/wp-content\/uploads\/2023\/08\/Logo-Provisoria-2-1024x321.png 1024w, https:\/\/sgvaimudar.com.br\/wp-content\/uploads\/2023\/08\/Logo-Provisoria-2-300x94.png 300w, https:\/\/sgvaimudar.com.br\/wp-content\/uploads\/2023\/08\/Logo-Provisoria-2-768x241.png 768w, https:\/\/sgvaimudar.com.br\/wp-content\/uploads\/2023\/08\/Logo-Provisoria-2-1536x482.png 1536w, https:\/\/sgvaimudar.com.br\/wp-content\/uploads\/2023\/08\/Logo-Provisoria-2-2048x642.png 2048w\" sizes=\"(max-width: 1024px) 100vw, 1024px\" \/><\/figure>\n\n\n\n<p><br><\/p>\n","protected":false},"excerpt":{"rendered":"<p>Time comandado por Maicon Vilela opera atualmente apenas com recursos pr\u00f3prios Com nove vit\u00f3rias, tr\u00eas empates, uma derrota, 29 gols&hellip;<\/p>\n","protected":false},"author":5,"featured_media":10084,"comment_status":"open","ping_status":"open","sticky":false,"template":"","format":"standard","meta":{"fifu_image_url":"","fifu_image_alt":"","footnotes":""},"categories":[5],"tags":[],"class_list":["post-10082","post","type-post","status-publish","format-standard","has-post-thumbnail","hentry","category-esportes"],"_links":{"self":[{"href":"https:\/\/sgvaimudar.com.br\/index.php\/wp-json\/wp\/v2\/posts\/10082","targetHints":{"allow":["GET"]}}],"collection":[{"href":"https:\/\/sgvaimudar.com.br\/index.php\/wp-json\/wp\/v2\/posts"}],"about":[{"href":"https:\/\/sgvaimudar.com.br\/index.php\/wp-json\/wp\/v2\/types\/post"}],"author":[{"embeddable":true,"href":"https:\/\/sgvaimudar.com.br\/index.php\/wp-json\/wp\/v2\/users\/5"}],"replies":[{"embeddable":true,"href":"https:\/\/sgvaimudar.com.br\/index.php\/wp-json\/wp\/v2\/comments?post=10082"}],"version-history":[{"count":3,"href":"https:\/\/sgvaimudar.com.br\/index.php\/wp-json\/wp\/v2\/posts\/10082\/revisions"}],"predecessor-version":[{"id":10087,"href":"https:\/\/sgvaimudar.com.br\/index.php\/wp-json\/wp\/v2\/posts\/10082\/revisions\/10087"}],"wp:featuredmedia":[{"embeddable":true,"href":"https:\/\/sgvaimudar.com.br\/index.php\/wp-json\/wp\/v2\/media\/10084"}],"wp:attachment":[{"href":"https:\/\/sgvaimudar.com.br\/index.php\/wp-json\/wp\/v2\/media?parent=10082"}],"wp:term":[{"taxonomy":"category","embeddable":true,"href":"https:\/\/sgvaimudar.com.br\/index.php\/wp-json\/wp\/v2\/categories?post=10082"},{"taxonomy":"post_tag","embeddable":true,"href":"https:\/\/sgvaimudar.com.br\/index.php\/wp-json\/wp\/v2\/tags?post=10082"}],"curies":[{"name":"wp","href":"https:\/\/api.w.org\/{rel}","templated":true}]}}