{"id":10040,"date":"2024-08-04T15:00:00","date_gmt":"2024-08-04T18:00:00","guid":{"rendered":"https:\/\/sgvaimudar.com.br\/?p=10040"},"modified":"2024-08-05T08:23:45","modified_gmt":"2024-08-05T11:23:45","slug":"secretario-de-saude-de-sao-goncalo-deixa-a-pasta-para-se-cuidar","status":"publish","type":"post","link":"https:\/\/sgvaimudar.com.br\/index.php\/2024\/08\/04\/secretario-de-saude-de-sao-goncalo-deixa-a-pasta-para-se-cuidar\/","title":{"rendered":"Secret\u00e1rio de Sa\u00fade de S\u00e3o Gon\u00e7alo deixa a pasta para se cuidar"},"content":{"rendered":"\n<p><em>O m\u00e9dico ficou 20 meses \u00e0 frente da principal pasta da cidade<\/em><\/p>\n\n\n\n<p>O m\u00e9dico Gleison Rocha deixou o comando da Secretaria de Sa\u00fade de S\u00e3o Gon\u00e7alo na \u00faltima quinta-feira, 1\u00ba de agosto, para cuidar da sua pr\u00f3pria sa\u00fade. Durante seus 20 meses \u00e0 frente da secretaria, Rocha enfrentou diversos desafios e promoveu significativas melhorias no setor.<\/p>\n\n\n\n<p>Entre suas principais realiza\u00e7\u00f5es est\u00e3o a inaugura\u00e7\u00e3o de um centro de imagem, novas cl\u00ednicas com servi\u00e7os ambulatoriais e especializados, e a reforma de praticamente todos os postos de sa\u00fade do munic\u00edpio. Al\u00e9m disso, Rocha iniciou a constru\u00e7\u00e3o de um novo hospital geral e de hospitais especializados no tratamento de c\u00e2ncer e problemas card\u00edacos.<\/p>\n\n\n\n<p><em>Foto: Reprodu\u00e7\u00e3o redes sociais<\/em><\/p>\n\n\n\n<p>Reportagem: Mauro J\u00fanior<br><strong><em><sub>S\u00e3o Gon\u00e7alo Vai Mudar: Not\u00edcias de S\u00e3o Gon\u00e7alo e Toda Regi\u00e3o\u00a0<\/sub><\/em><\/strong><\/p>\n\n\n\n<figure class=\"wp-block-image size-large\"><img fetchpriority=\"high\" decoding=\"async\" width=\"1024\" height=\"357\" src=\"https:\/\/sgvaimudar.com.br\/wp-content\/uploads\/2023\/08\/Logo-Provisoria-2-1-1024x357.png\" alt=\"\" class=\"wp-image-2779\" srcset=\"https:\/\/sgvaimudar.com.br\/wp-content\/uploads\/2023\/08\/Logo-Provisoria-2-1-1024x357.png 1024w, https:\/\/sgvaimudar.com.br\/wp-content\/uploads\/2023\/08\/Logo-Provisoria-2-1-300x105.png 300w, https:\/\/sgvaimudar.com.br\/wp-content\/uploads\/2023\/08\/Logo-Provisoria-2-1-768x268.png 768w, https:\/\/sgvaimudar.com.br\/wp-content\/uploads\/2023\/08\/Logo-Provisoria-2-1.png 1470w\" sizes=\"(max-width: 1024px) 100vw, 1024px\" \/><\/figure>\n","protected":false},"excerpt":{"rendered":"<p>O m\u00e9dico ficou 20 meses \u00e0 frente da principal pasta da cidade O m\u00e9dico Gleison Rocha deixou o comando da&hellip;<\/p>\n","protected":false},"author":5,"featured_media":10080,"comment_status":"open","ping_status":"open","sticky":false,"template":"","format":"standard","meta":{"fifu_image_url":"","fifu_image_alt":"","footnotes":""},"categories":[3],"tags":[],"class_list":["post-10040","post","type-post","status-publish","format-standard","has-post-thumbnail","hentry","category-sao-goncalo"],"_links":{"self":[{"href":"https:\/\/sgvaimudar.com.br\/index.php\/wp-json\/wp\/v2\/posts\/10040","targetHints":{"allow":["GET"]}}],"collection":[{"href":"https:\/\/sgvaimudar.com.br\/index.php\/wp-json\/wp\/v2\/posts"}],"about":[{"href":"https:\/\/sgvaimudar.com.br\/index.php\/wp-json\/wp\/v2\/types\/post"}],"author":[{"embeddable":true,"href":"https:\/\/sgvaimudar.com.br\/index.php\/wp-json\/wp\/v2\/users\/5"}],"replies":[{"embeddable":true,"href":"https:\/\/sgvaimudar.com.br\/index.php\/wp-json\/wp\/v2\/comments?post=10040"}],"version-history":[{"count":2,"href":"https:\/\/sgvaimudar.com.br\/index.php\/wp-json\/wp\/v2\/posts\/10040\/revisions"}],"predecessor-version":[{"id":10081,"href":"https:\/\/sgvaimudar.com.br\/index.php\/wp-json\/wp\/v2\/posts\/10040\/revisions\/10081"}],"wp:featuredmedia":[{"embeddable":true,"href":"https:\/\/sgvaimudar.com.br\/index.php\/wp-json\/wp\/v2\/media\/10080"}],"wp:attachment":[{"href":"https:\/\/sgvaimudar.com.br\/index.php\/wp-json\/wp\/v2\/media?parent=10040"}],"wp:term":[{"taxonomy":"category","embeddable":true,"href":"https:\/\/sgvaimudar.com.br\/index.php\/wp-json\/wp\/v2\/categories?post=10040"},{"taxonomy":"post_tag","embeddable":true,"href":"https:\/\/sgvaimudar.com.br\/index.php\/wp-json\/wp\/v2\/tags?post=10040"}],"curies":[{"name":"wp","href":"https:\/\/api.w.org\/{rel}","templated":true}]}}