{"id":10029,"date":"2024-08-04T11:00:00","date_gmt":"2024-08-04T14:00:00","guid":{"rendered":"https:\/\/sgvaimudar.com.br\/?p=10029"},"modified":"2024-08-04T10:31:57","modified_gmt":"2024-08-04T13:31:57","slug":"morre-no-rio-waldemar-zveiter-jurista-e-ministro-aposentado-do-stj","status":"publish","type":"post","link":"https:\/\/sgvaimudar.com.br\/index.php\/2024\/08\/04\/morre-no-rio-waldemar-zveiter-jurista-e-ministro-aposentado-do-stj\/","title":{"rendered":"Morre no Rio Waldemar Zveiter, jurista e ministro aposentado do STJ"},"content":{"rendered":"\n<p><em>Waldermar foi nomeado desembargador do TJRJ em 1983. Presidiu a 7\u00aa C\u00e2mara C\u00edvel da Corte de 1985 a 1989, quando tomou posse como ministro do STJ. Ele era pai do desembargador Luiz Zveiter, atual decano do TJRJ, e do ex-deputado federal e ex-presidente da OAB-RJ, Sergio Zveiter<\/em><\/p>\n\n\n\n<p>Morreu neste s\u00e1bado (3), aos 92 anos, o jurista e ministro aposentado do Superior Tribunal de Justi\u00e7a (STJ), Waldemar Zveiter. A morte foi confirmada pela Associa\u00e7\u00e3o dos Magistrados do Estado do Rio (Amaerj). A causa n\u00e3o foi divulgada.<\/p>\n\n\n\n<p>O magistrado foi tamb\u00e9m presidente da Ordem dos Advogados do Brasil do Rio (OAB-RJ) e desembargador do Tribunal de Justi\u00e7a do Rio de Janeiro (TJRJ).<\/p>\n\n\n\n<p>Ele era pai do desembargador Luiz Zveiter, atual decano do TJRJ, e do ex-deputado federal e ex-presidente da OAB-RJ, Sergio Zveiter.<\/p>\n\n\n\n<p>O vel\u00f3rio ser\u00e1 neste domingo (4), \u00e0s 12h, no Cemit\u00e9rio Israelita do Caju, na Zona Portu\u00e1ria. O sepultamento ocorrer\u00e1 \u00e0s 13h.<\/p>\n\n\n\n<p>Em nota, o Conselho Federal da OAB lamentou a morte de Waldemar. De acordo com Beto Simonetti, presidente do \u00f3rg\u00e3o, o ministro do STJ &#8220;contribuiu imensamente para o sistema judicial brasileiro e fez um trabalho exemplar&#8221;.<\/p>\n\n\n\n<p>O presidente da OAB-RJ, Luciano Bandeira, afirmou que &#8220;hoje \u00e9 um dia muito triste para advocacia do Rio&#8221;. Ele lembrou tamb\u00e9m que Waldemar &#8220;representou a advocacia no Quinto Constitucional do TJRJ&#8221;. &#8220;Esta \u00e9 uma perda irrepar\u00e1vel para a advocacia e para o estado do Rio\u201d, lamentou.<\/p>\n\n\n\n<p>O TJRJ lamentou a morte e destacou que Waldemar foi &#8220;autor de numerosos pareceres, votos e estudos doutrin\u00e1rios publicados em repert\u00f3rios especializados&#8221;.<\/p>\n\n\n\n<p>O governador Cl\u00e1udio Castro destacou que Waldemar Zveiter foi &#8220;um dos mais importantes nomes da magistratura brasileira&#8221; e que dedicou grande parte da sua vida e hist\u00f3ria ao Direito e ao Poder Judici\u00e1rio.<\/p>\n\n\n\n<p>&#8220;\u00c9 com grande tristeza que recebo a not\u00edcia do falecimento de um dos mais importantes nomes da magistratura brasileira, o ministro Waldemar Zveiter, que dedicou grande parte da sua vida e hist\u00f3ria ao Direito e ao Poder Judici\u00e1rio&#8221;, disse o governador.\u00a0<\/p>\n\n\n\n<p>Segundo ele, Zveiter foi\u00a0ministro do Superior Tribunal de Justi\u00e7a (STJ), presidente da Ordem dos Advogados do Brasil do Rio de Janeiro (OAB-RJ) e desembargador do Tribunal de Justi\u00e7a do Rio de Janeiro (TJ-RJ), inspirando todos com seus trabalhos e ensaios jur\u00eddicos. <\/p>\n\n\n\n<p>&#8220;\u00c0 fam\u00edlia, aos amigos e admiradores, manifesto a solidariedade por essa perda&#8221;, destacou Castro.<\/p>\n\n\n\n<h2 class=\"wp-block-heading\">Carreira<\/h2>\n\n\n\n<p>Nascido em Braz\u00f3polis (MG), Waldemar Zveiter formou-se na Faculdade de Direito de Niter\u00f3i, em 1957. Ele atuou como procurador-geral da Prefeitura de Niter\u00f3i, em 1965.<\/p>\n\n\n\n<p>O jurista tamb\u00e9m presidiu a OAB-RJ de 1973 a 1976. Depois, integrou o Tribunal Regional Eleitoral do Rio (TRE-RJ) na classe jurista. Ele ficou no cargo por dois mandatos, no in\u00edcio da d\u00e9cada de 1980.<\/p>\n\n\n\n<p>Waldermar foi nomeado desembargador do TJRJ em 1983. Ele presidiu a 7\u00aa C\u00e2mara C\u00edvel da Corte de 1985 a 1989, quando tomou posse como ministro do STJ. Atuou no Tribunal da Cidadania at\u00e9 2001, quando se aposentou.<\/p>\n\n\n\n<p>Em outubro do ano passado, o plen\u00e1rio do Tribunal Pleno do TJRJ passou a ter o nome do jurista.<\/p>\n\n\n\n<p>Em 2022,&nbsp;a OAB do Rio inaugurou uma biblioteca com o nome do jurista. O espa\u00e7o conta com mais de 6,5 mil livros doados por Waldemar Zveiter.<\/p>\n\n\n\n<p><em>Fonte G1<\/em><\/p>\n\n\n\n<figure class=\"wp-block-image size-full\"><img decoding=\"async\" width=\"251\" height=\"88\" src=\"https:\/\/sgvaimudar.com.br\/wp-content\/uploads\/2023\/08\/Logo.png\" alt=\"\" class=\"wp-image-2738\" \/><\/figure>\n","protected":false},"excerpt":{"rendered":"<p>Waldermar foi nomeado desembargador do TJRJ em 1983. Presidiu a 7\u00aa C\u00e2mara C\u00edvel da Corte de 1985 a 1989, quando&hellip;<\/p>\n","protected":false},"author":5,"featured_media":10030,"comment_status":"open","ping_status":"open","sticky":false,"template":"","format":"standard","meta":{"fifu_image_url":"","fifu_image_alt":"","footnotes":""},"categories":[4],"tags":[],"class_list":["post-10029","post","type-post","status-publish","format-standard","has-post-thumbnail","hentry","category-brasil"],"_links":{"self":[{"href":"https:\/\/sgvaimudar.com.br\/index.php\/wp-json\/wp\/v2\/posts\/10029","targetHints":{"allow":["GET"]}}],"collection":[{"href":"https:\/\/sgvaimudar.com.br\/index.php\/wp-json\/wp\/v2\/posts"}],"about":[{"href":"https:\/\/sgvaimudar.com.br\/index.php\/wp-json\/wp\/v2\/types\/post"}],"author":[{"embeddable":true,"href":"https:\/\/sgvaimudar.com.br\/index.php\/wp-json\/wp\/v2\/users\/5"}],"replies":[{"embeddable":true,"href":"https:\/\/sgvaimudar.com.br\/index.php\/wp-json\/wp\/v2\/comments?post=10029"}],"version-history":[{"count":2,"href":"https:\/\/sgvaimudar.com.br\/index.php\/wp-json\/wp\/v2\/posts\/10029\/revisions"}],"predecessor-version":[{"id":10038,"href":"https:\/\/sgvaimudar.com.br\/index.php\/wp-json\/wp\/v2\/posts\/10029\/revisions\/10038"}],"wp:featuredmedia":[{"embeddable":true,"href":"https:\/\/sgvaimudar.com.br\/index.php\/wp-json\/wp\/v2\/media\/10030"}],"wp:attachment":[{"href":"https:\/\/sgvaimudar.com.br\/index.php\/wp-json\/wp\/v2\/media?parent=10029"}],"wp:term":[{"taxonomy":"category","embeddable":true,"href":"https:\/\/sgvaimudar.com.br\/index.php\/wp-json\/wp\/v2\/categories?post=10029"},{"taxonomy":"post_tag","embeddable":true,"href":"https:\/\/sgvaimudar.com.br\/index.php\/wp-json\/wp\/v2\/tags?post=10029"}],"curies":[{"name":"wp","href":"https:\/\/api.w.org\/{rel}","templated":true}]}}